{"id":15905,"date":"2025-06-12T15:02:30","date_gmt":"2025-06-12T13:02:30","guid":{"rendered":"https:\/\/serbenidorm.daliisolutions.com\/index.php\/2025\/06\/12\/un-camion-grua-choca-con-un-puente-de-la-ap-7-en-benidorm-estos-son-los-cortes-de-trafico\/"},"modified":"2025-06-12T15:02:30","modified_gmt":"2025-06-12T13:02:30","slug":"un-camion-grua-choca-con-un-puente-de-la-ap-7-en-benidorm-estos-son-los-cortes-de-trafico","status":"publish","type":"post","link":"https:\/\/serbenidorm.daliisolutions.com\/index.php\/2025\/06\/12\/un-camion-grua-choca-con-un-puente-de-la-ap-7-en-benidorm-estos-son-los-cortes-de-trafico\/","title":{"rendered":"Un cami\u00f3n gr\u00faa choca con un puente de la AP-7 en Benidorm: estos son los cortes de tr\u00e1fico"},"content":{"rendered":"  <p><div data-adtype=\"MLDB\"><\/div><\/p>   <p>Benidorm<\/p>   <p>Un cami\u00f3n gr\u00faa ha impactado este jueves a mediod\u00eda contra el puente de la AP-7 en su intersecci\u00f3n con la avenida Juan Pablo II de Benidorm. Seg\u00fan las primeras informaciones el veh\u00edculo lo habr\u00eda hecho con la pluma de la gr\u00faa extendida.<\/p>   <p>Adem\u00e1s de haberse tenido que cortar la circulaci\u00f3n en el carril derecho de la autopista en sentido Valencia, seg\u00fan informa la Direcci\u00f3n General de Tr\u00e1fico (DGT), <a href=\"https:\/\/cadenaser.com\/tag\/benidorm\/a\/\" target=\"_blank\" rel=\"nofollow\" title=\"https:\/\/cadenaser.com\/tag\/benidorm\/a\/\">el Ayuntamiento tambi\u00e9n ha decidido a su vez cerrar avenida Juan Pablo II entre las rotondas de Rafel y La Raz\u00f3n, en la subida al parque Terra M\u00edtica<\/a>.<\/p>  <p><p>M\u00e1s informaci\u00f3n<\/p><figure><img decoding=\"async\" src=\"https:\/\/cadenaser.com\/resizer\/v2\/OMZLWZ3JWRHSFFISZTDRHQUDF4.jpg?auth=09dc262a7e865d667f7473420b18764709c80b3c69edf8d32e449edc881abf75&amp;quality=70&amp;width=360&amp;height=202&amp;smart=true\" width=\"820\" height=\"621\" loading=\"lazy\" \/><\/figure><ul><li><a href=\"https:\/\/cadenaser.com\/comunitat-valenciana\/2025\/06\/09\/accidente-de-dos-camiones-en-la-ap-7-en-lalfas-del-pi-dos-heridos-y-atascos-desde-benidorm-radio-benidorm\/\"><span>Accidente de dos camiones en la AP-7 en l&#8217;Alf\u00e0s del Pi<\/span><\/a><\/li><\/ul><\/p>   <p>Hasta el lugar del siniestro se han desplazado varias unidades de Polic\u00eda Local de Benidorm y Guardia Civil; Bomberos; personal de Carreteras y de la Sociedad de Proyectos para la Transformaci\u00f3n Digital.<\/p>   <p>Los t\u00e9cnicos est\u00e1n evaluando el alcances de los da\u00f1os y se recomienda que, mientras se prolongue el corte y se pueda garantizar la circulaci\u00f3n segura por ese punto, los conductores que deseen acceder desde la ciudad al enlace de la AP-7 por Poniente lo hagan por otras v\u00edas alternativas.<\/p>   <p>Segundo accidente en una semana<\/p>   <p>El suceso ha tenido lugar solo cuatro d\u00edas despu\u00e9s de que un accidente entre dos camiones en la AP-7 a su paso, en este caso por la vecina localidad de l&#8217;Alf\u00e0s del Pi, provocara el corte total de esa v\u00eda en sentido Valencia durante buena parte del lunes generando importantes retenciones que llegaron incluso al t\u00fanel de San Juan.<\/p> ","protected":false},"excerpt":{"rendered":"<p>El veh\u00edculo circulaba por la avenida Juan Pablo II de Benidorm<\/p>\n","protected":false},"author":0,"featured_media":15906,"comment_status":"open","ping_status":"open","sticky":false,"template":"","format":"standard","meta":{"_acf_changed":false,"footnotes":""},"categories":[1],"tags":[],"class_list":["post-15905","post","type-post","status-publish","format-standard","has-post-thumbnail","hentry","category-sin-categoria"],"acf":{"ser_id":"G44V7MWNXZCNLBOVSGM6S4YES4","ser_url":"https:\/\/cadenaser.com\/comunitat-valenciana\/2025\/06\/12\/un-camion-grua-choca-con-un-puente-de-la-ap-7-en-benidorm-estos-son-los-cortes-de-trafico-radio-benidorm\/"},"_links":{"self":[{"href":"https:\/\/serbenidorm.daliisolutions.com\/index.php\/wp-json\/wp\/v2\/posts\/15905","targetHints":{"allow":["GET"]}}],"collection":[{"href":"https:\/\/serbenidorm.daliisolutions.com\/index.php\/wp-json\/wp\/v2\/posts"}],"about":[{"href":"https:\/\/serbenidorm.daliisolutions.com\/index.php\/wp-json\/wp\/v2\/types\/post"}],"replies":[{"embeddable":true,"href":"https:\/\/serbenidorm.daliisolutions.com\/index.php\/wp-json\/wp\/v2\/comments?post=15905"}],"version-history":[{"count":0,"href":"https:\/\/serbenidorm.daliisolutions.com\/index.php\/wp-json\/wp\/v2\/posts\/15905\/revisions"}],"wp:featuredmedia":[{"embeddable":true,"href":"https:\/\/serbenidorm.daliisolutions.com\/index.php\/wp-json\/wp\/v2\/media\/15906"}],"wp:attachment":[{"href":"https:\/\/serbenidorm.daliisolutions.com\/index.php\/wp-json\/wp\/v2\/media?parent=15905"}],"wp:term":[{"taxonomy":"category","embeddable":true,"href":"https:\/\/serbenidorm.daliisolutions.com\/index.php\/wp-json\/wp\/v2\/categories?post=15905"},{"taxonomy":"post_tag","embeddable":true,"href":"https:\/\/serbenidorm.daliisolutions.com\/index.php\/wp-json\/wp\/v2\/tags?post=15905"}],"curies":[{"name":"wp","href":"https:\/\/api.w.org\/{rel}","templated":true}]}}