{"id":15907,"date":"2025-06-12T15:29:24","date_gmt":"2025-06-12T13:29:24","guid":{"rendered":"https:\/\/serbenidorm.daliisolutions.com\/index.php\/2025\/06\/12\/benidorm-acoge-su-xii-jornada-de-turismo-haciendo-un-llamamiento-a-la-unidad-y-la-excelencia\/"},"modified":"2025-06-12T15:29:24","modified_gmt":"2025-06-12T13:29:24","slug":"benidorm-acoge-su-xii-jornada-de-turismo-haciendo-un-llamamiento-a-la-unidad-y-la-excelencia","status":"publish","type":"post","link":"https:\/\/serbenidorm.daliisolutions.com\/index.php\/2025\/06\/12\/benidorm-acoge-su-xii-jornada-de-turismo-haciendo-un-llamamiento-a-la-unidad-y-la-excelencia\/","title":{"rendered":"Benidorm acoge su XII Jornada de Turismo haciendo un llamamiento a \u201cla unidad y la excelencia\u201d"},"content":{"rendered":"  <p><div data-adtype=\"MLDB\"><\/div><\/p>   <p>Benidorm<\/p>   <p>M\u00e1s de 350 empresarios y directivos de sectores econ\u00f3micos vinculados al turismo se han dado cita hoy en Benidorm en el marco de la XII Jornada de Turismo de Benidorm que organizan la Asociaci\u00f3n Valenciana de Empresarios (AVE) junto con AEFA, APD, C\u00e1mara Alicante, CEV Alicante, EDEM y HOSBEC.<\/p>   <p>Bajo el lema \u201cEres turismo\u201d la jornada ha abordado los principales retos del sector como la sostenibilidad, innovaci\u00f3n, talento, identidad y adaptaci\u00f3n a los nuevos h\u00e1bitos de los viajeros. El objetivo, en palabras del presidente de AVE Vicente Boluda, es <a href=\"https:\/\/cadenaser.com\/tag\/benidorm\/a\/\" target=\"_blank\" rel=\"nofollow\" title=\"https:\/\/cadenaser.com\/tag\/benidorm\/a\/\">\u201cpreservar, mejorar y alcanzar el m\u00e1ximo nivel de excelencia en nuestro turismo\u201d<\/a> que supone casi 2,9 millones de puestos de trabajo y representa el 13% del PIB espa\u00f1ol \u201calcanzando hasta el 20% de manera indirecta\u201d. <\/p>  <p><p>M\u00e1s informaci\u00f3n<\/p><figure><img decoding=\"async\" src=\"https:\/\/cadenaser.com\/resizer\/v2\/O6NRPAH2XJC6RKTUW2IZ6EW5UM.jpg?auth=e27bdb4246ad94eb56444aa9a7136976dd36fdfa385168347c41f2cba0ae6beb&amp;quality=70&amp;width=360&amp;height=202&amp;smart=true\" width=\"820\" height=\"621\" loading=\"lazy\" \/><\/figure><ul><li><a href=\"https:\/\/cadenaser.com\/comunitat-valenciana\/2025\/06\/12\/un-camion-grua-choca-con-un-puente-de-la-ap-7-en-benidorm-estos-son-los-cortes-de-trafico-radio-benidorm\/\"><span>Un cami\u00f3n gr\u00faa choca con un puente de la AP-7 en Benidorm<\/span><\/a><\/li><\/ul><\/p>   <p>Tanto Boluda como el resto de ponentes han apelado a \u201cla unidad, la innovaci\u00f3n y la excelencia\u201d como elementos clave para afrontar esos retos a los que se enfrenta el sector. <\/p>   <p>Precisamente, Boluda ha destacado que a pesar de factores externos como la pandemia, conflictos b\u00e9licos o la DANA, el turismo en Espa\u00f1a \u201csigue en cifras r\u00e9cord tanto de atracci\u00f3n de turistas como de gasto medio por turista\u201d, una bonanza en el sector que ha llamado a \u201cno desaprovechar\u201d. <\/p>   <p>La jornada ha profundizado, entre otras cuestiones, en aspectos como la innovaci\u00f3n sin perder la tradici\u00f3n y la experiencia, los nuevos liderazgos, el relevo generacional o el turismo cultural. <\/p> ","protected":false},"excerpt":{"rendered":"<p>Con la participaci\u00f3n de 350 empresarios<\/p>\n","protected":false},"author":0,"featured_media":15908,"comment_status":"open","ping_status":"open","sticky":false,"template":"","format":"standard","meta":{"_acf_changed":false,"footnotes":""},"categories":[1],"tags":[],"class_list":["post-15907","post","type-post","status-publish","format-standard","has-post-thumbnail","hentry","category-sin-categoria"],"acf":{"ser_id":"BKNYSXHONZBVHJNPLDREB45DWY","ser_url":"https:\/\/cadenaser.com\/comunitat-valenciana\/2025\/06\/12\/benidorm-acoge-su-xii-jornada-de-turismo-haciendo-un-llamamiento-a-la-unidad-y-la-excelencia-radio-benidorm\/"},"_links":{"self":[{"href":"https:\/\/serbenidorm.daliisolutions.com\/index.php\/wp-json\/wp\/v2\/posts\/15907","targetHints":{"allow":["GET"]}}],"collection":[{"href":"https:\/\/serbenidorm.daliisolutions.com\/index.php\/wp-json\/wp\/v2\/posts"}],"about":[{"href":"https:\/\/serbenidorm.daliisolutions.com\/index.php\/wp-json\/wp\/v2\/types\/post"}],"replies":[{"embeddable":true,"href":"https:\/\/serbenidorm.daliisolutions.com\/index.php\/wp-json\/wp\/v2\/comments?post=15907"}],"version-history":[{"count":0,"href":"https:\/\/serbenidorm.daliisolutions.com\/index.php\/wp-json\/wp\/v2\/posts\/15907\/revisions"}],"wp:featuredmedia":[{"embeddable":true,"href":"https:\/\/serbenidorm.daliisolutions.com\/index.php\/wp-json\/wp\/v2\/media\/15908"}],"wp:attachment":[{"href":"https:\/\/serbenidorm.daliisolutions.com\/index.php\/wp-json\/wp\/v2\/media?parent=15907"}],"wp:term":[{"taxonomy":"category","embeddable":true,"href":"https:\/\/serbenidorm.daliisolutions.com\/index.php\/wp-json\/wp\/v2\/categories?post=15907"},{"taxonomy":"post_tag","embeddable":true,"href":"https:\/\/serbenidorm.daliisolutions.com\/index.php\/wp-json\/wp\/v2\/tags?post=15907"}],"curies":[{"name":"wp","href":"https:\/\/api.w.org\/{rel}","templated":true}]}}