{"id":15917,"date":"2025-06-12T19:33:34","date_gmt":"2025-06-12T17:33:34","guid":{"rendered":"https:\/\/serbenidorm.daliisolutions.com\/index.php\/2025\/06\/12\/la-estacion-de-madrid-chamartin-no-operara-hasta-el-viernes-ningun-tren-hacia-la-comunidad-valenciana-y-murcia\/"},"modified":"2025-06-12T19:33:34","modified_gmt":"2025-06-12T17:33:34","slug":"la-estacion-de-madrid-chamartin-no-operara-hasta-el-viernes-ningun-tren-hacia-la-comunidad-valenciana-y-murcia","status":"publish","type":"post","link":"https:\/\/serbenidorm.daliisolutions.com\/index.php\/2025\/06\/12\/la-estacion-de-madrid-chamartin-no-operara-hasta-el-viernes-ningun-tren-hacia-la-comunidad-valenciana-y-murcia\/","title":{"rendered":"La estaci\u00f3n de Madrid-Chamart\u00edn no operar\u00e1 hasta el viernes ning\u00fan tren hacia la Comunidad Valenciana y Murcia"},"content":{"rendered":"  <p><div data-adtype=\"MLDB\"><\/div><\/p>   <p>Madrid<\/p>   <p>La circulaci\u00f3n de alta velocidad en Chamart\u00edn ha comenzado a reanudarse de forma progresiva tras la interrupci\u00f3n de su servicio este jueves que ADIF ha achacado a una \u00abfalta de tensi\u00f3n el\u00e9ctrica\u00bb a causa de un descarrilamiento de la locomotora de un tren que estaba entrando en la estaci\u00f3n. Los trabajos se centran en la retirada del tren accidentado, para posteriormente poder reparar los posibles da\u00f1os causados en la catenaria, la v\u00eda y las instalaciones, adem\u00e1s de recuperar la tensi\u00f3n en todas las v\u00edas afectadas.<\/p>   <p>Por ello la estaci\u00f3n Madrid-Chamart\u00edn no operar\u00e1 este jueves ning\u00fan tren hacia la Comunitat Valenciana y Murcia y ser\u00e1 la estaci\u00f3n de Atocha la que acoger\u00e1 \u00abalgunos\u00bb de esos trenes, por lo que la compa\u00f1\u00eda ha pedido a los pasajeros con estos destinos que eviten los desplazamientos a Chamart\u00edn. Adem\u00e1s, se ha recuperado ya la tensi\u00f3n en parte de la estaci\u00f3n, lo que ha permitido ir activando los tr\u00e1ficos con el norte peninsular (Galicia, Asturias, Castilla y Le\u00f3n y Cantabria).<\/p>   <p>La incidencia ha afectado a las tres compa\u00f1\u00edas ferroviarias (Renfe, Ouigo e Iryo) y desde ADIF confirman que hay hasta 12 servicios afectados, nueve de la conexi\u00f3n con Val\u00e8ncia y tres con Alicante, adem\u00e1s, hablan de 4.000 pasajeros afectados. Dos de los servicios entre Chamart\u00edn y Val\u00e8ncia se realizar\u00e1n en Bus y los otros 10 servicios rotando sobre Atocha.<\/p>   <p>En estos momentos, los trenes de OUIGO han sido cancelados, con unos 5.000 viajeros afectados.<\/p>  <p><figure><img decoding=\"async\" src=\"https:\/\/cadenaser.com\/resizer\/v2\/5PA7DVHVM5GEJLO4OR4ATZ4QGI.jpeg?auth=45904fbe647a4c407a8bdc8be56091cf78d2defb31f6d11f615f071948366c1a&amp;quality=70&amp;width=650&amp;height=230&amp;smart=true\" alt=\"Trenes de OUIGO cancelados el jueves 12 de junio de 2025\" width=\"650\" height=\"230\" loading=\"lazy\" \/><figcaption class=\"fc\"><p><span>Trenes de OUIGO cancelados el jueves 12 de junio de 2025<\/span><\/p><\/figcaption><\/figure><button class=\"bt-am\">Ampliar<\/button><div class=\"lb d-none\"><div><figure><img decoding=\"async\" src=\"https:\/\/cadenaser.com\/resizer\/v2\/5PA7DVHVM5GEJLO4OR4ATZ4QGI.jpeg?auth=45904fbe647a4c407a8bdc8be56091cf78d2defb31f6d11f615f071948366c1a\" alt=\"Trenes de OUIGO cancelados el jueves 12 de junio de 2025\" width=\"650\" height=\"230\" loading=\"lazy\" \/><figcaption class=\"fc\"><p><span>Trenes de OUIGO cancelados el jueves 12 de junio de 2025<\/span><\/p><\/figcaption><\/figure><button>Cerrar<\/button><\/div><\/div><\/p>   <p>Hay que recordar que Chamart\u00edn es una estaci\u00f3n que est\u00e1 en obras y que desde que entr\u00f3 a operar la competencia el n\u00famero de pasajeros ha aumentado en 193%.<\/p>   <p><div class=\"oembed twitter\"><blockquote class=\"twitter-tweet\"><p lang=\"es\" dir=\"ltr\">Est\u00e1 interrumpida la circulaci\u00f3n de trenes de alta velocidad con origen o destino Madrid-Chamart\u00edn por una falta de tensi\u00f3n el\u00e9ctrica en la estaci\u00f3n. <br>Personal de Adif est\u00e1 trabajando para solucionar esta incidencia lo antes posible.<\/p>\u2014 INFOAdif (@InfoAdif) <a href=\"https:\/\/twitter.com\/InfoAdif\/status\/1933136861255618998?ref_src=twsrc%5Etfw\">June 12, 2025<\/a><\/blockquote>   <\/div><\/p>   <p>Listado de trenes afectados: <\/p>   <p><b>Renfe <\/b><\/p>   <p><li>AVE de Madrid a Alicante de las 14:00 horas: dos horas y cuarto de retraso<\/li><li>AVLO de Madrid a Valencia de las 14:30 horas: una hora y 35 minutos de retraso<\/li><li>AVE de Madrid a A Coru\u00f1a de las 14:40 horas: una hora y 25 minutos de retraso<\/li><li>AVLO de Vigo a Madrid de las 09:44: dos horas y siete minutos de retraso<\/li><li>AVLO Murcia &#8211; Valladolid de las 10:32: dos horas y siete minutos de retraso<\/li><li>El AVE de Alicante a Madrid de las 12:45: una hora y siete minutos de retraso <\/li><li>Intercity de Madrid a San Sebasti\u00e1n de las 14:46: una hora y 29 minutos de retraso<\/li><li>Madrid &#8211; Alicante de las 15:00: una hora y cuarto de retraso<\/li><li>El AVE de Castell\u00f3n a Gij\u00f3n de las 11:17 horas: llegada a Atocha. Viajeros de continuaci\u00f3n en Cercan\u00edas a Chamart\u00edn, con una hora y 38 minutos de retraso<\/li><li>El AVE entre Madrid y Alicante de las 16:00: un cuarto de hora de retraso<\/li><li>El AVE de Valencia a Madrid de las 13:30: una hora y 22 minutos de retraso<\/li><li>Avant de Madrid a Valladolid de las 15:40: con 45 minutos de retraso<\/li><li>Alvia de Madrid a Salamanca de las 15:50: 40 minutos de retraso<\/li><li>Avant de Valladolid a Madrid de las 14:10: una hora de retraso<\/li><li>Avant de Madrid a Valladolid de las 16:15: un cuarto de hora de retraso<\/li><\/p>   <p><b>Iryo<\/b><\/p>   <p>Por parte de Iryo, se han visto afectados dos trenes con destino a Valencia.<\/p> ","protected":false},"excerpt":{"rendered":"<p>ADIF ha sufrido una interrupci\u00f3n de su servicio en trenes con origen o destino a Chamart\u00edn a causa de una \u00abfalta de tensi\u00f3n\u00bb a causa del descarrilamiento de la locomotora de un tren que entraba en la estaci\u00f3n<\/p>\n","protected":false},"author":0,"featured_media":15918,"comment_status":"open","ping_status":"open","sticky":false,"template":"","format":"standard","meta":{"_acf_changed":false,"footnotes":""},"categories":[1],"tags":[],"class_list":["post-15917","post","type-post","status-publish","format-standard","has-post-thumbnail","hentry","category-sin-categoria"],"acf":{"ser_id":"XJVRAAVMIVDANFTHFNKGILPAEI","ser_url":"https:\/\/cadenaser.com\/nacional\/2025\/06\/12\/interrumpida-la-circulacion-de-trenes-de-alta-velocidad-en-chamartin-por-falta-de-tension-electrica-cadena-ser\/"},"_links":{"self":[{"href":"https:\/\/serbenidorm.daliisolutions.com\/index.php\/wp-json\/wp\/v2\/posts\/15917","targetHints":{"allow":["GET"]}}],"collection":[{"href":"https:\/\/serbenidorm.daliisolutions.com\/index.php\/wp-json\/wp\/v2\/posts"}],"about":[{"href":"https:\/\/serbenidorm.daliisolutions.com\/index.php\/wp-json\/wp\/v2\/types\/post"}],"replies":[{"embeddable":true,"href":"https:\/\/serbenidorm.daliisolutions.com\/index.php\/wp-json\/wp\/v2\/comments?post=15917"}],"version-history":[{"count":0,"href":"https:\/\/serbenidorm.daliisolutions.com\/index.php\/wp-json\/wp\/v2\/posts\/15917\/revisions"}],"wp:featuredmedia":[{"embeddable":true,"href":"https:\/\/serbenidorm.daliisolutions.com\/index.php\/wp-json\/wp\/v2\/media\/15918"}],"wp:attachment":[{"href":"https:\/\/serbenidorm.daliisolutions.com\/index.php\/wp-json\/wp\/v2\/media?parent=15917"}],"wp:term":[{"taxonomy":"category","embeddable":true,"href":"https:\/\/serbenidorm.daliisolutions.com\/index.php\/wp-json\/wp\/v2\/categories?post=15917"},{"taxonomy":"post_tag","embeddable":true,"href":"https:\/\/serbenidorm.daliisolutions.com\/index.php\/wp-json\/wp\/v2\/tags?post=15917"}],"curies":[{"name":"wp","href":"https:\/\/api.w.org\/{rel}","templated":true}]}}