{"id":15921,"date":"2025-06-12T19:33:40","date_gmt":"2025-06-12T17:33:40","guid":{"rendered":"https:\/\/serbenidorm.daliisolutions.com\/index.php\/2025\/06\/12\/port-hotels-presenta-su-primera-coleccion-de-verano-inspirada-en-el-mediterraneo\/"},"modified":"2025-06-12T19:33:40","modified_gmt":"2025-06-12T17:33:40","slug":"port-hotels-presenta-su-primera-coleccion-de-verano-inspirada-en-el-mediterraneo","status":"publish","type":"post","link":"https:\/\/serbenidorm.daliisolutions.com\/index.php\/2025\/06\/12\/port-hotels-presenta-su-primera-coleccion-de-verano-inspirada-en-el-mediterraneo\/","title":{"rendered":"Port Hotels presenta su primera colecci\u00f3n de verano inspirada en el Mediterr\u00e1neo"},"content":{"rendered":"  <p><div data-adtype=\"MLDB\"><\/div><\/p>   <p>Benidorm<\/p>   <p>Port Hotels, la cadena con presencia en algunos de los destinos tur\u00edsticos m\u00e1s destacados de la Comunidad Valenciana, lanza su primera colecci\u00f3n de verano, una selecci\u00f3n de productos dise\u00f1ados para acompa\u00f1ar al viajero m\u00e1s all\u00e1 de su estancia en el hotel.<\/p>   <p>La colecci\u00f3n incluye camisetas, gorras, tote bags y capazos de playa con dise\u00f1os que evocan la brisa marina, la luz del Mediterr\u00e1neo y el estilo relajado propio de las vacaciones. Las prendas estar\u00e1n disponibles exclusivamente en siete de los hoteles de la cadena: Port Alicante City &amp; Beach, Port Jard\u00edn Milenio, Port Benidorm Hotel &amp; Spa, Port Fiesta Park, Port Vista Oro, Port Europa y Port Denia.<\/p>   <p>Con esta iniciativa, Port Hotels da un paso m\u00e1s en su conexi\u00f3n con el estilo de vida mediterr\u00e1neo, llevando su universo visual y sensorial m\u00e1s all\u00e1 de la experiencia hotelera. <\/p>   <p>Cada pieza est\u00e1 pensada para integrarse con naturalidad en los d\u00edas de descanso: funcional, c\u00f3moda y con un dise\u00f1o que invita a llevarse el verano puesto. \u201cQuer\u00edamos que los recuerdos del verano no se quedaran en la memoria, sino que pudieras llevarlos contigo, en forma de objetos que te conecten con esa sensaci\u00f3n de libertad y calma que se respira junto al mar\u201d, explica Ana Mayor, vicepresidenta de Port Hotels.<\/p>   <p>Los productos pueden a\u00f1adirse al hacer la reserva online como servicio adicional o adquirirse directamente en la recepci\u00f3n de los hoteles, permitiendo a los viajeros estrenarlos durante su estancia.<\/p>   <p>\u201cEsta colecci\u00f3n representa nuestro compromiso con la innovaci\u00f3n y la mejora continua de la experiencia del cliente. Queremos que cada hu\u00e9sped sienta que forma parte de algo especial, que se lleva un pedazo del Mediterr\u00e1neo consigo\u201d, a\u00f1ade Diego Fern\u00e1ndez P\u00e9rez de Ponga, CEO de Port Hotels.<\/p>   <p>Disponible solo durante esta temporada, esta colecci\u00f3n c\u00e1psula busca convertirse en un gui\u00f1o al turista que encuentra belleza en los detalles y valora lo aut\u00e9ntico. Una forma sutil pero significativa de extender el viaje m\u00e1s all\u00e1 de la maleta.<\/p> ","protected":false},"excerpt":{"rendered":"<p>Una propuesta disponible en siete hoteles de la cadena <\/p>\n","protected":false},"author":0,"featured_media":15922,"comment_status":"open","ping_status":"open","sticky":false,"template":"","format":"standard","meta":{"_acf_changed":false,"footnotes":""},"categories":[1],"tags":[],"class_list":["post-15921","post","type-post","status-publish","format-standard","has-post-thumbnail","hentry","category-sin-categoria"],"acf":{"ser_id":"IIFLGSY6S5A3DIQVS5S63QGWFQ","ser_url":"https:\/\/cadenaser.com\/comunitat-valenciana\/2025\/06\/12\/port-hotels-presenta-su-primera-coleccion-de-verano-inspirada-en-el-mediterraneo-radio-benidorm\/"},"_links":{"self":[{"href":"https:\/\/serbenidorm.daliisolutions.com\/index.php\/wp-json\/wp\/v2\/posts\/15921","targetHints":{"allow":["GET"]}}],"collection":[{"href":"https:\/\/serbenidorm.daliisolutions.com\/index.php\/wp-json\/wp\/v2\/posts"}],"about":[{"href":"https:\/\/serbenidorm.daliisolutions.com\/index.php\/wp-json\/wp\/v2\/types\/post"}],"replies":[{"embeddable":true,"href":"https:\/\/serbenidorm.daliisolutions.com\/index.php\/wp-json\/wp\/v2\/comments?post=15921"}],"version-history":[{"count":0,"href":"https:\/\/serbenidorm.daliisolutions.com\/index.php\/wp-json\/wp\/v2\/posts\/15921\/revisions"}],"wp:featuredmedia":[{"embeddable":true,"href":"https:\/\/serbenidorm.daliisolutions.com\/index.php\/wp-json\/wp\/v2\/media\/15922"}],"wp:attachment":[{"href":"https:\/\/serbenidorm.daliisolutions.com\/index.php\/wp-json\/wp\/v2\/media?parent=15921"}],"wp:term":[{"taxonomy":"category","embeddable":true,"href":"https:\/\/serbenidorm.daliisolutions.com\/index.php\/wp-json\/wp\/v2\/categories?post=15921"},{"taxonomy":"post_tag","embeddable":true,"href":"https:\/\/serbenidorm.daliisolutions.com\/index.php\/wp-json\/wp\/v2\/tags?post=15921"}],"curies":[{"name":"wp","href":"https:\/\/api.w.org\/{rel}","templated":true}]}}