{"id":15934,"date":"2025-06-13T15:09:31","date_gmt":"2025-06-13T13:09:31","guid":{"rendered":"https:\/\/serbenidorm.daliisolutions.com\/index.php\/2025\/06\/13\/la-gente-que-vive-en-benidorm-es-expulsada-la-respuesta-de-ccoo-a-la-falta-de-camareros\/"},"modified":"2025-06-13T15:09:31","modified_gmt":"2025-06-13T13:09:31","slug":"la-gente-que-vive-en-benidorm-es-expulsada-la-respuesta-de-ccoo-a-la-falta-de-camareros","status":"publish","type":"post","link":"https:\/\/serbenidorm.daliisolutions.com\/index.php\/2025\/06\/13\/la-gente-que-vive-en-benidorm-es-expulsada-la-respuesta-de-ccoo-a-la-falta-de-camareros\/","title":{"rendered":"\u00abLa gente que vive en Benidorm es expulsada\u00bb: la respuesta de CCOO a la falta de camareros"},"content":{"rendered":"  <p><div data-adtype=\"MLDB\"><\/div><\/p>   <p>Benidorm<\/p>   <p>Comisiones Obreras ha reaccionado este viernes a la cada vez m\u00e1s habitual queja de los empresarios que con la llegada de cada verano ponen el foco en la falta de personal, especialmente camareros, denunciando las condiciones laborales y de vivienda de una de las principales capitales tur\u00edsticas de nuestro pa\u00eds Benidorm.<\/p>   <p>La secretaria de de Juventud y Acci\u00f3n Sindical en las Marinas, Mar\u00eda Cueva, ha explicado que la ciudad encara la temporada alta batiendo r\u00e9cords de ocupaci\u00f3n hotelera, pero tambi\u00e9n de precariedad: \u00abEste mayo ha dejado datos muy significativos como que el 96\u20197% de la contrataci\u00f3n realizada ese mes ha sido en el sector servicios y el 56\u20199% con jornadas parciales, se cumplan o no\u00bb.<\/p>   <p>\u00abPrecariedad y gentrificaci\u00f3n, un c\u00f3ctel letal para el empleo en Benidorm\u00bb<\/p>   <p>El sindicato ha querido entrar de lleno en el ya cl\u00e1sico debate poniendo el primer foco en el tensionamiento del mercado de la vivienda en Benidorm \u00abpor la reducci\u00f3n de hogares en beneficio de las viviendas tur\u00edsticas en manos de fondos buitres, rentistas peque\u00f1os y grandes que se hacen con el control de la vida en nuestros barrios\u00bb.<\/p>   <p>Ante esta situaci\u00f3n, explica Cueva, \u00ab<a href=\"https:\/\/cadenaser.com\/tag\/benidorm\/a\/\" target=\"_blank\" rel=\"nofollow\" title=\"https:\/\/cadenaser.com\/tag\/benidorm\/a\/\">cuando levantamos la voz quienes no podemos seguir destinando m\u00e1s de la mitad de nuestro sueldo a pagar el alquiler nos dicen que es claro si queremos vivir en la ciudad y cerca de la playa es lo que tiene\u2026 Pero es que en los pueblos de alrededor tambi\u00e9n est\u00e1 aumento el precio<\/a>\u00ab.<\/p>   <p>Se trata para CCOO de un problema extensivo a toda la Marina Baixa al que hay que sumar \u00abla falta de un transporte p\u00fablico de calidad, barato y que realmente conecte las ciudades y pueblos de nuestra comarca\u00bb. Entre las soluciones que reclaman<b> <\/b>est\u00e1n el aumento del parque de vivienda p\u00fablica, la limitaci\u00f3n de las viviendas tur\u00edsticas o un incremento salarial que frene la p\u00e9rdida de poder adquisitivo. <\/p> ","protected":false},"excerpt":{"rendered":"<p>El problema de la vivienda es la principal causa de la escasez de personal en los negocios tur\u00edsticos durante verano<\/p>\n","protected":false},"author":0,"featured_media":15935,"comment_status":"open","ping_status":"open","sticky":false,"template":"","format":"standard","meta":{"_acf_changed":false,"footnotes":""},"categories":[1],"tags":[],"class_list":["post-15934","post","type-post","status-publish","format-standard","has-post-thumbnail","hentry","category-sin-categoria"],"acf":{"ser_id":"YSRSRZY4WFHADGKYGCG5LOZ3VI","ser_url":"https:\/\/cadenaser.com\/comunitat-valenciana\/2025\/06\/13\/la-gente-que-vive-en-benidorm-es-expulsada-la-respuesta-de-ccoo-a-la-falta-de-camareros-radio-benidorm\/"},"_links":{"self":[{"href":"https:\/\/serbenidorm.daliisolutions.com\/index.php\/wp-json\/wp\/v2\/posts\/15934","targetHints":{"allow":["GET"]}}],"collection":[{"href":"https:\/\/serbenidorm.daliisolutions.com\/index.php\/wp-json\/wp\/v2\/posts"}],"about":[{"href":"https:\/\/serbenidorm.daliisolutions.com\/index.php\/wp-json\/wp\/v2\/types\/post"}],"replies":[{"embeddable":true,"href":"https:\/\/serbenidorm.daliisolutions.com\/index.php\/wp-json\/wp\/v2\/comments?post=15934"}],"version-history":[{"count":0,"href":"https:\/\/serbenidorm.daliisolutions.com\/index.php\/wp-json\/wp\/v2\/posts\/15934\/revisions"}],"wp:featuredmedia":[{"embeddable":true,"href":"https:\/\/serbenidorm.daliisolutions.com\/index.php\/wp-json\/wp\/v2\/media\/15935"}],"wp:attachment":[{"href":"https:\/\/serbenidorm.daliisolutions.com\/index.php\/wp-json\/wp\/v2\/media?parent=15934"}],"wp:term":[{"taxonomy":"category","embeddable":true,"href":"https:\/\/serbenidorm.daliisolutions.com\/index.php\/wp-json\/wp\/v2\/categories?post=15934"},{"taxonomy":"post_tag","embeddable":true,"href":"https:\/\/serbenidorm.daliisolutions.com\/index.php\/wp-json\/wp\/v2\/tags?post=15934"}],"curies":[{"name":"wp","href":"https:\/\/api.w.org\/{rel}","templated":true}]}}