{"id":15966,"date":"2025-06-15T16:54:55","date_gmt":"2025-06-15T14:54:55","guid":{"rendered":"https:\/\/serbenidorm.daliisolutions.com\/index.php\/2025\/06\/15\/los-bomberos-luchan-contra-un-incendio-en-el-ponoig\/"},"modified":"2025-06-15T16:54:55","modified_gmt":"2025-06-15T14:54:55","slug":"los-bomberos-luchan-contra-un-incendio-en-el-ponoig","status":"publish","type":"post","link":"https:\/\/serbenidorm.daliisolutions.com\/index.php\/2025\/06\/15\/los-bomberos-luchan-contra-un-incendio-en-el-ponoig\/","title":{"rendered":"Los bomberos luchan contra un incendio en el Ponoig"},"content":{"rendered":"  <p><div data-adtype=\"MLDB\"><\/div><\/p>   <p>Benidorm<\/p>   <p>Varias unidades de los medios contraincendios de la Comunitat Valenciana combaten desde primera hora de la tarde de este domingo un fuego que se ha declarado en el monte Ponoig, en el t\u00e9rmino municipal de Polop de la Marina.<\/p>   <p>Seg\u00fan se ha informado desde el 112 de la Comunitat Valenciana, el incendio se ha producido poco despu\u00e9s de las cuatro de la tarde del domingo y a las labores de extinci\u00f3n se han sumado tres unidades de los bomberos forestales de la Generalitat Valenciana, dos autobombas, una dotaci\u00f3n del Consorcio Provincial de Bomberos de Alicante, dos medios a\u00e9reos, un coordinador forestal, un agente medioambiental y una unidad de prevenci\u00f3n de incendios.<\/p>   <p>Este fuego se ha producido en el d\u00eda m\u00e1s caluroso de lo que llevamos del verano en la comarca de la Marina Baixa. De hecho, a la hora del inicio de las llamas, la vecina localidad de Altea marcaba, con 37,7\u00ba y seg\u00fan los datos de Avamet, la m\u00e1xima de toda la Comunitat Valenciana. En Polop, a esa misma hora, el term\u00f3metro se quedaba en los 31,8\u00ba.<\/p>   <p><i><b>Informaci\u00f3n en desarrollo <\/b><\/i><\/p> ","protected":false},"excerpt":{"rendered":"<p>El fuego se ha declarado a primera hora de la tarde del domingo<\/p>\n","protected":false},"author":0,"featured_media":15967,"comment_status":"open","ping_status":"open","sticky":false,"template":"","format":"standard","meta":{"_acf_changed":false,"footnotes":""},"categories":[1],"tags":[],"class_list":["post-15966","post","type-post","status-publish","format-standard","has-post-thumbnail","hentry","category-sin-categoria"],"acf":{"ser_id":"ZZSWNTY3URHGROU2GYQUBUU6E4","ser_url":"https:\/\/cadenaser.com\/comunitat-valenciana\/2025\/06\/15\/los-bomberos-luchan-contra-un-incendio-en-el-ponoig-radio-benidorm\/"},"_links":{"self":[{"href":"https:\/\/serbenidorm.daliisolutions.com\/index.php\/wp-json\/wp\/v2\/posts\/15966","targetHints":{"allow":["GET"]}}],"collection":[{"href":"https:\/\/serbenidorm.daliisolutions.com\/index.php\/wp-json\/wp\/v2\/posts"}],"about":[{"href":"https:\/\/serbenidorm.daliisolutions.com\/index.php\/wp-json\/wp\/v2\/types\/post"}],"replies":[{"embeddable":true,"href":"https:\/\/serbenidorm.daliisolutions.com\/index.php\/wp-json\/wp\/v2\/comments?post=15966"}],"version-history":[{"count":0,"href":"https:\/\/serbenidorm.daliisolutions.com\/index.php\/wp-json\/wp\/v2\/posts\/15966\/revisions"}],"wp:featuredmedia":[{"embeddable":true,"href":"https:\/\/serbenidorm.daliisolutions.com\/index.php\/wp-json\/wp\/v2\/media\/15967"}],"wp:attachment":[{"href":"https:\/\/serbenidorm.daliisolutions.com\/index.php\/wp-json\/wp\/v2\/media?parent=15966"}],"wp:term":[{"taxonomy":"category","embeddable":true,"href":"https:\/\/serbenidorm.daliisolutions.com\/index.php\/wp-json\/wp\/v2\/categories?post=15966"},{"taxonomy":"post_tag","embeddable":true,"href":"https:\/\/serbenidorm.daliisolutions.com\/index.php\/wp-json\/wp\/v2\/tags?post=15966"}],"curies":[{"name":"wp","href":"https:\/\/api.w.org\/{rel}","templated":true}]}}