{"id":15976,"date":"2025-06-16T13:12:16","date_gmt":"2025-06-16T11:12:16","guid":{"rendered":"https:\/\/serbenidorm.daliisolutions.com\/index.php\/2025\/06\/16\/el-nuevo-centro-de-salud-del-rincon-de-loix-empezara-a-funcionar-a-finales-de-ano\/"},"modified":"2025-06-16T13:12:16","modified_gmt":"2025-06-16T11:12:16","slug":"el-nuevo-centro-de-salud-del-rincon-de-loix-empezara-a-funcionar-a-finales-de-ano","status":"publish","type":"post","link":"https:\/\/serbenidorm.daliisolutions.com\/index.php\/2025\/06\/16\/el-nuevo-centro-de-salud-del-rincon-de-loix-empezara-a-funcionar-a-finales-de-ano\/","title":{"rendered":"El nuevo centro de salud del Rinc\u00f3n de Loix empezar\u00e1 a funcionar a finales de a\u00f1o"},"content":{"rendered":"  <p><div data-adtype=\"MLDB\"><\/div><\/p>   <p>Benidorm<\/p>   <p>Al final de este a\u00f1o 2025. Esa es la nueva fecha para la apertura del nuevo centro de salud en el Rinc\u00f3n de Loix de Benidorm, en la avenida de Zamora, que ha dado esta ma\u00f1ana el conseller de Sanidad, Marciano G\u00f3mez. <\/p>   <p>El conseller ha visitado la obra junto al president de la Generalitat, Carlos Maz\u00f3n, <a href=\"https:\/\/cadenaser.com\/tag\/benidorm\/a\/\" target=\"_blank\" rel=\"nofollow\" title=\"https:\/\/cadenaser.com\/tag\/benidorm\/a\/\">pero este no se ha parado a atender a los medios de comunicaci\u00f3n<\/a>. <\/p>  <p><p>M\u00e1s informaci\u00f3n<\/p><figure><img decoding=\"async\" src=\"https:\/\/cadenaser.com\/resizer\/v2\/OQGDR7IIFZDBPP2ZUJLQNMYUDQ.jpg?auth=05988bf63af3baadbdb235d708a5f1b244fc99cdd045ebe3b3c7832784fb2b2f&amp;quality=70&amp;width=360&amp;height=202&amp;smart=true\" width=\"820\" height=\"621\" loading=\"lazy\" \/><\/figure><ul><li><a href=\"https:\/\/cadenaser.com\/comunitat-valenciana\/2025\/06\/13\/la-gente-que-vive-en-benidorm-es-expulsada-la-respuesta-de-ccoo-a-la-falta-de-camareros-radio-benidorm\/\"><span>\u00abLa gente que vive en Benidorm es expulsada\u00bb: la respuesta de CCOO a la falta de camareros<\/span><\/a><\/li><\/ul><\/p>   <p>G\u00f3mez s\u00ed ha aprovechado para dar detalles de este proyecto, una reivindicaci\u00f3n hist\u00f3rica de los vecinos del barrio que ha sufrido algunos cambios y retrasos, como la ausencia de aparcamiento y de servicio de rehabilitaci\u00f3n.<\/p>   <p>El alcalde de la capital tur\u00edstica, Toni P\u00e9rez, ha mostrado por su parte el compromiso del Ayuntamiento para facilitar el cambio de instalaciones: \u00abLas obras est\u00e1n a punto de finalizar para que lo antes posible el personal se pueda desplazar aqu\u00ed y empezar a funcionar en ordinario a finales de a\u00f1o\u00bb.<\/p>   <p>Servicio a 22.000 tarjetas sanitarias<\/p>   <p>Este centro, de 2.700 metros cuadrados (m2), contar\u00e1 con dieciocho consultas -doce para m\u00e9dicos de tipo de atenci\u00f3n primaria y seis para enfermer\u00eda-, as\u00ed como con tres para pediatr\u00eda, con \u00e1rea para la mujer para la preparaci\u00f3n al parto y con un servicio de rehabilitaci\u00f3n que va a poder atender a todos los ciudadanos de este \u00e1rea, con lo cual se evitar\u00e1 el desplazamiento de 3.400 pacientes al a\u00f1o al de La Cala.<\/p> ","protected":false},"excerpt":{"rendered":"<p>Carlos Maz\u00f3n visita la obra pero evita hacer declaraciones <\/p>\n","protected":false},"author":0,"featured_media":15977,"comment_status":"open","ping_status":"open","sticky":false,"template":"","format":"standard","meta":{"_acf_changed":false,"footnotes":""},"categories":[1],"tags":[],"class_list":["post-15976","post","type-post","status-publish","format-standard","has-post-thumbnail","hentry","category-sin-categoria"],"acf":{"ser_id":"EDRFMWTMGNCB7ALYQ2KPU7HVYE","ser_url":"https:\/\/cadenaser.com\/comunitat-valenciana\/2025\/06\/16\/el-nuevo-centro-de-salud-del-rincon-de-loix-empezara-a-funcionar-a-finales-de-ano-radio-benidorm\/"},"_links":{"self":[{"href":"https:\/\/serbenidorm.daliisolutions.com\/index.php\/wp-json\/wp\/v2\/posts\/15976","targetHints":{"allow":["GET"]}}],"collection":[{"href":"https:\/\/serbenidorm.daliisolutions.com\/index.php\/wp-json\/wp\/v2\/posts"}],"about":[{"href":"https:\/\/serbenidorm.daliisolutions.com\/index.php\/wp-json\/wp\/v2\/types\/post"}],"replies":[{"embeddable":true,"href":"https:\/\/serbenidorm.daliisolutions.com\/index.php\/wp-json\/wp\/v2\/comments?post=15976"}],"version-history":[{"count":0,"href":"https:\/\/serbenidorm.daliisolutions.com\/index.php\/wp-json\/wp\/v2\/posts\/15976\/revisions"}],"wp:featuredmedia":[{"embeddable":true,"href":"https:\/\/serbenidorm.daliisolutions.com\/index.php\/wp-json\/wp\/v2\/media\/15977"}],"wp:attachment":[{"href":"https:\/\/serbenidorm.daliisolutions.com\/index.php\/wp-json\/wp\/v2\/media?parent=15976"}],"wp:term":[{"taxonomy":"category","embeddable":true,"href":"https:\/\/serbenidorm.daliisolutions.com\/index.php\/wp-json\/wp\/v2\/categories?post=15976"},{"taxonomy":"post_tag","embeddable":true,"href":"https:\/\/serbenidorm.daliisolutions.com\/index.php\/wp-json\/wp\/v2\/tags?post=15976"}],"curies":[{"name":"wp","href":"https:\/\/api.w.org\/{rel}","templated":true}]}}