{"id":15978,"date":"2025-06-16T14:05:27","date_gmt":"2025-06-16T12:05:27","guid":{"rendered":"https:\/\/serbenidorm.daliisolutions.com\/index.php\/2025\/06\/16\/el-alcalde-de-benidorm-sobre-el-presupuesto-municipal-la-intervencion-entiende-que-hay-cosas-mas-importantes-que-atender\/"},"modified":"2025-06-16T14:05:27","modified_gmt":"2025-06-16T12:05:27","slug":"el-alcalde-de-benidorm-sobre-el-presupuesto-municipal-la-intervencion-entiende-que-hay-cosas-mas-importantes-que-atender","status":"publish","type":"post","link":"https:\/\/serbenidorm.daliisolutions.com\/index.php\/2025\/06\/16\/el-alcalde-de-benidorm-sobre-el-presupuesto-municipal-la-intervencion-entiende-que-hay-cosas-mas-importantes-que-atender\/","title":{"rendered":"El alcalde de Benidorm sobre el presupuesto municipal: \u00abLa Intervenci\u00f3n entiende que hay cosas m\u00e1s importantes que atender\u00bb"},"content":{"rendered":"  <p><div data-adtype=\"MLDB\"><\/div><\/p>   <p>Benidorm<\/p>   <p>El alcalde de Benidorm Toni P\u00e9rez ha explicado este lunes, <a href=\"https:\/\/cadenaser.com\/comunitat-valenciana\/2025\/06\/16\/el-nuevo-centro-de-salud-del-rincon-de-loix-empezara-a-funcionar-a-finales-de-ano-radio-benidorm\/\" target=\"_blank\" rel=\"nofollow\" title=\"https:\/\/cadenaser.com\/comunitat-valenciana\/2025\/06\/16\/el-nuevo-centro-de-salud-del-rincon-de-loix-empezara-a-funcionar-a-finales-de-ano-radio-benidorm\/\">tras la visita de Maz\u00f3n a las obras del nuevo centro de salud del Rinc\u00f3n de Loix<\/a>, que el presupuesto municipal de este a\u00f1o \u00abno ocupa el n\u00famero uno de la prioridad\u00bb de la nueva interventora del Ayuntamiento.<\/p>   <p>A pesar de que en otras declaraciones meses atr\u00e1s hablaba de la intenci\u00f3n de sacar adelante las cuentas y aunque todav\u00eda no lo descarta por completo, sus palabras ahora hacen pensar que es una opci\u00f3n bastante remota: \u00abElla entiende que hay muchas cosas que quiere adaptar a lo que interpreta que es la forma de trabajar correcta y, por lo tanto, <a href=\"https:\/\/cadenaser.com\/tag\/benidorm\/a\/\" target=\"_blank\" rel=\"nofollow\" title=\"https:\/\/cadenaser.com\/tag\/benidorm\/a\/\">una de las cuestiones en las que no va a dedicar excesivo tiempo es un nuevo presupuesto<\/a>\u00ab.<\/p>  <p><p>M\u00e1s informaci\u00f3n<\/p><figure><img decoding=\"async\" src=\"https:\/\/cadenaser.com\/resizer\/v2\/3SS5Z4DEJEC3327QW4RS2AJ5LM.jpg?auth=a6069c15822e0fdf62aad2b3b8ae8786ba441754bf3006dc3bd47cd66d828cec&amp;quality=70&amp;width=360&amp;height=202&amp;smart=true\" width=\"820\" height=\"621\" loading=\"lazy\" \/><\/figure><ul><li><a href=\"https:\/\/cadenaser.com\/comunitat-valenciana\/2025\/06\/16\/el-nuevo-centro-de-salud-del-rincon-de-loix-empezara-a-funcionar-a-finales-de-ano-radio-benidorm\/\"><span>El nuevo centro de salud del Rinc\u00f3n de Loix empezar\u00e1 a funcionar a final de a\u00f1o<\/span><\/a><\/li><\/ul><\/p>   <p>El primer edil descarta adem\u00e1s una relaci\u00f3n directa entre las cuentas municipales y la sentencia firme del TSJCV que condena al consistorio al pago de m\u00e1s de 330 millones de euros a los propietarios del suelo afectado por el APR-7 en la Serra Gelada: \u00abTenemos que gobernar con responsabilidad\u201d y ha recordado que \u201clo que hay ahora presentado es un incidente de nulidad de actuaci\u00f3n\u00bb. <\/p>   <p>\u00abLas cautelas y las responsabilidades nunca est\u00e1n de m\u00e1s. Lo que hay que tener es la responsabilidad y la capacidad de afrontar los retos que se te planteen, tambi\u00e9n en el \u00e1mbito econ\u00f3mico. Siempre lo he dicho: si hay alg\u00fan gobierno capaz de remontar deudas, incluso de 93 millones de euros, en apenas siete a\u00f1os, son los gobiernos en los que he participado como alcalde\u00bb, ha se\u00f1alado P\u00e9rez.<\/p>   <p>El alcalde ha subrayado tambi\u00e9n que \u00abla prueba de que no hay una relaci\u00f3n directa es que si no hubiera habido una nueva Intervenci\u00f3n, nosotros hubi\u00e9ramos presentado un presupuesto para 2025 en tiempo y forma\u00bb.<\/p> ","protected":false},"excerpt":{"rendered":"<p>Toni P\u00e9rez explica que trabajan ya en las cuentas del 2026<\/p>\n","protected":false},"author":0,"featured_media":15979,"comment_status":"open","ping_status":"open","sticky":false,"template":"","format":"standard","meta":{"_acf_changed":false,"footnotes":""},"categories":[1],"tags":[],"class_list":["post-15978","post","type-post","status-publish","format-standard","has-post-thumbnail","hentry","category-sin-categoria"],"acf":{"ser_id":"H2FGLXER3REC5FICXBH4JGYIPY","ser_url":"https:\/\/cadenaser.com\/comunitat-valenciana\/2025\/06\/16\/el-alcalde-de-benidorm-sobre-el-presupuesto-municipal-la-intervencion-entiende-que-hay-cosas-mas-importantes-que-atender-radio-benidorm\/"},"_links":{"self":[{"href":"https:\/\/serbenidorm.daliisolutions.com\/index.php\/wp-json\/wp\/v2\/posts\/15978","targetHints":{"allow":["GET"]}}],"collection":[{"href":"https:\/\/serbenidorm.daliisolutions.com\/index.php\/wp-json\/wp\/v2\/posts"}],"about":[{"href":"https:\/\/serbenidorm.daliisolutions.com\/index.php\/wp-json\/wp\/v2\/types\/post"}],"replies":[{"embeddable":true,"href":"https:\/\/serbenidorm.daliisolutions.com\/index.php\/wp-json\/wp\/v2\/comments?post=15978"}],"version-history":[{"count":0,"href":"https:\/\/serbenidorm.daliisolutions.com\/index.php\/wp-json\/wp\/v2\/posts\/15978\/revisions"}],"wp:featuredmedia":[{"embeddable":true,"href":"https:\/\/serbenidorm.daliisolutions.com\/index.php\/wp-json\/wp\/v2\/media\/15979"}],"wp:attachment":[{"href":"https:\/\/serbenidorm.daliisolutions.com\/index.php\/wp-json\/wp\/v2\/media?parent=15978"}],"wp:term":[{"taxonomy":"category","embeddable":true,"href":"https:\/\/serbenidorm.daliisolutions.com\/index.php\/wp-json\/wp\/v2\/categories?post=15978"},{"taxonomy":"post_tag","embeddable":true,"href":"https:\/\/serbenidorm.daliisolutions.com\/index.php\/wp-json\/wp\/v2\/tags?post=15978"}],"curies":[{"name":"wp","href":"https:\/\/api.w.org\/{rel}","templated":true}]}}