{"id":15991,"date":"2025-06-16T18:20:16","date_gmt":"2025-06-16T16:20:16","guid":{"rendered":"https:\/\/serbenidorm.daliisolutions.com\/index.php\/2025\/06\/16\/alertas-por-lluvia-viento-y-granizo-este-martes-en-la-marina-baixa\/"},"modified":"2025-06-16T18:20:16","modified_gmt":"2025-06-16T16:20:16","slug":"alertas-por-lluvia-viento-y-granizo-este-martes-en-la-marina-baixa","status":"publish","type":"post","link":"https:\/\/serbenidorm.daliisolutions.com\/index.php\/2025\/06\/16\/alertas-por-lluvia-viento-y-granizo-este-martes-en-la-marina-baixa\/","title":{"rendered":"Alertas por lluvia, viento y granizo este martes en la Marina Baixa"},"content":{"rendered":"  <p><div data-adtype=\"MLDB\"><\/div><\/p>   <p>Benidorm<\/p>   <p>La Agencia Estatal de Meteorolog\u00eda (Aemet) ha activado alertas de distinto grado por lluvia, viento y granizo para este martes 17 de junio en las provincias de Alicante y Valencia. De hecho, la Marina Baixa se divide entre las dos de la tarde y las diez de la noche entre el aviso amarillo del litoral sur y el naranja del norte.<\/p>   <p>Aemet especifica adem\u00e1s que estos avisos se refieren a la zona m\u00e1s interior, por lo que se presta especial atenci\u00f3n a lo que pueda suceder en localidades como Callosa d&#8217;En Sarri\u00e0, Sella, Benimantell, Bolulla, Guadalest, T\u00e1rbena, Benifato, Beniard\u00e0 o Confrides, donde convergen esa situaci\u00f3n m\u00e1s al interior con el color naranja, es decir, <a href=\"https:\/\/cadenaser.com\/tag\/benidorm\/a\/\" target=\"_blank\" rel=\"nofollow\" title=\"https:\/\/cadenaser.com\/tag\/benidorm\/a\/\">riesgo importante<\/a> de la advertencia por tormentas.<\/p>  <p><p>M\u00e1s informaci\u00f3n<\/p><figure><img decoding=\"async\" src=\"https:\/\/cadenaser.com\/resizer\/v2\/QK2L5WXXSRFRDHYT5ZOGVS3JN4.jpg?auth=196ac417c93e6c2ba489218294b71eca2a6914c5216f38a779545116bd052ce8&amp;quality=70&amp;width=360&amp;height=202&amp;smart=true\" width=\"820\" height=\"621\" loading=\"lazy\" \/><\/figure><ul><li><a href=\"https:\/\/cadenaser.com\/comunitat-valenciana\/2025\/06\/15\/un-fuego-en-el-ponoig-da-el-primer-susto-del-verano-en-la-marina-baixa-radio-benidorm\/\"><span>Un fuego en el Ponoig da el primer susto del verano en la Marina Baixa<\/span><\/a><\/li><\/ul><\/p>   <p>En estos municipios, concreta la agencia gubernamental, se pueden dar fuertes rachas de viento y granizo de gran tama\u00f1o, al tiempo que se acumulan hasta veinte litros por metro cuadrado en solo una hora.<\/p>   <p>Ante esta situaci\u00f3n, el Centro de Coordinaci\u00f3n, que ha remitido este bolet\u00edn de alertas a ayuntamientos y organismos que intervienen en las emergencias, recomienda extremar las precauciones y seguir los consejos de autoprotecci\u00f3n, tal y como ha subrayado la secretaria auton\u00f3mica de Emergencias e Interior, Irene Rodr\u00edguez.\u00a0<\/p>   <p>Consejos ante el viento y el granizo<\/p>   <p>Entre ellos, figuran los de revisar el riesgo meteorol\u00f3gico de los lugares a los que la poblaci\u00f3n prevea desplazarse y conducir a una velocidad moderada y, si es posible, por v\u00edas principales. Tambi\u00e9n es importante no intentar nunca cruzar un barranco con agua o una zona con acumulaci\u00f3n de agua.<\/p>   <p>En el caso de encontrarse con una tormenta de granizo mientras se conduce, se aconseja detener el veh\u00edculo y apartarlo de la circulaci\u00f3n, porque la carretera se puede convertir en una pista de hielo, y, si se puede, poner una prenda de ropa o cualquier tela delante del cristal para protegerse en caso de rotura.<\/p>   <p>Ante un episodio de fuerte viento, resulta necesario revisar las viviendas para que no haya cornisas, balcones y fachadas en mal estado que puedan producir ca\u00eddas de cascotes y escombros, cerrar puertas y ventanas para evitar corrientes de aire que puedan llevar a la rotura y ca\u00edda de cristales, asegurar elementos como los toldos, persianas y antenas y retirar macetas, jaulas o cualquier objeto que pueda caer a la calle.<\/p>   <p>Asimismo, se aconseja evitar al m\u00e1ximo los desplazamientos, alejarse de casas viejas o en mal estado, evitar los muros y las vallas publicitarias, as\u00ed como no transitar por parques o avenidas arboladas, ya que los \u00e1rboles ofrecen el peligro de ca\u00edda y rotura de grandes ramas.<\/p>   <p>Tambi\u00e9n es importante no pasar por debajo de andamios o edificios en construcci\u00f3n y alejarse de postes de luz y torres de alta tensi\u00f3n, dado que se consideran muy peligrosos, y avisar al 1\u00b71\u00b72 en caso de ca\u00edda de estos.<\/p>   <p>En la medida de lo posible, se recomienda evitar circular por carretera y, si resulta necesario desplazarse, usar preferentemente el transporte p\u00fablico, adem\u00e1s de informarse de la predicci\u00f3n meteorol\u00f3gica. Por otro lado, tambi\u00e9n resulta conveniente reducir la velocidad a l\u00edmites de seguridad, ya que un golpe de viento puede provocar desv\u00edos de la trayectoria.<\/p> ","protected":false},"excerpt":{"rendered":"<p>Aviso amarillo en el litoral sur y naranja en el norte<\/p>\n","protected":false},"author":0,"featured_media":15992,"comment_status":"open","ping_status":"open","sticky":false,"template":"","format":"standard","meta":{"_acf_changed":false,"footnotes":""},"categories":[1],"tags":[],"class_list":["post-15991","post","type-post","status-publish","format-standard","has-post-thumbnail","hentry","category-sin-categoria"],"acf":{"ser_id":"OIAZOJHNE5CVPNXTFXSKUWT3E4","ser_url":"https:\/\/cadenaser.com\/comunitat-valenciana\/2025\/06\/16\/alertas-por-lluvia-viento-y-granizo-este-martes-en-benidorm-y-la-marina-baixa-radio-benidorm\/"},"_links":{"self":[{"href":"https:\/\/serbenidorm.daliisolutions.com\/index.php\/wp-json\/wp\/v2\/posts\/15991","targetHints":{"allow":["GET"]}}],"collection":[{"href":"https:\/\/serbenidorm.daliisolutions.com\/index.php\/wp-json\/wp\/v2\/posts"}],"about":[{"href":"https:\/\/serbenidorm.daliisolutions.com\/index.php\/wp-json\/wp\/v2\/types\/post"}],"replies":[{"embeddable":true,"href":"https:\/\/serbenidorm.daliisolutions.com\/index.php\/wp-json\/wp\/v2\/comments?post=15991"}],"version-history":[{"count":0,"href":"https:\/\/serbenidorm.daliisolutions.com\/index.php\/wp-json\/wp\/v2\/posts\/15991\/revisions"}],"wp:featuredmedia":[{"embeddable":true,"href":"https:\/\/serbenidorm.daliisolutions.com\/index.php\/wp-json\/wp\/v2\/media\/15992"}],"wp:attachment":[{"href":"https:\/\/serbenidorm.daliisolutions.com\/index.php\/wp-json\/wp\/v2\/media?parent=15991"}],"wp:term":[{"taxonomy":"category","embeddable":true,"href":"https:\/\/serbenidorm.daliisolutions.com\/index.php\/wp-json\/wp\/v2\/categories?post=15991"},{"taxonomy":"post_tag","embeddable":true,"href":"https:\/\/serbenidorm.daliisolutions.com\/index.php\/wp-json\/wp\/v2\/tags?post=15991"}],"curies":[{"name":"wp","href":"https:\/\/api.w.org\/{rel}","templated":true}]}}