{"id":16001,"date":"2025-06-17T10:28:30","date_gmt":"2025-06-17T08:28:30","guid":{"rendered":"https:\/\/serbenidorm.daliisolutions.com\/index.php\/2025\/06\/17\/emotivo-homenaje-a-la-cuatro-veces-olimpica-liliana-fernandez-steiner-en-benidorm\/"},"modified":"2025-06-17T10:28:30","modified_gmt":"2025-06-17T08:28:30","slug":"emotivo-homenaje-a-la-cuatro-veces-olimpica-liliana-fernandez-steiner-en-benidorm","status":"publish","type":"post","link":"https:\/\/serbenidorm.daliisolutions.com\/index.php\/2025\/06\/17\/emotivo-homenaje-a-la-cuatro-veces-olimpica-liliana-fernandez-steiner-en-benidorm\/","title":{"rendered":"Emotivo homenaje a la cuatro veces ol\u00edmpica Liliana Fern\u00e1ndez Steiner en Benidorm"},"content":{"rendered":"  <p><div data-adtype=\"MLDB\"><\/div><\/p>   <p>Benidorm<\/p>   <p>La cuatro veces ol\u00edmpica Liliana Fern\u00e1ndez Steiner recibi\u00f3 este domingo un emotivo homenaje en Benidorm por parte de los familiares, amigos y personas que han estado a su lado durante una carrera intachable en la \u00e9lite del v\u00f3ley playa mundial. El homenaje se desarroll\u00f3 al t\u00e9rmino del torneo europeo WEVZA Benidorm, que se ha desarrollado durante el pasado fin de semana en la playa de Poniente y que coron\u00f3 como campeonas a las holandesas Negenman\/Radstake tras imponerse en la final (2-0) a las espa\u00f1olas Nazaret Flori\u00e1n y Adriana Serrano. <\/p>   <p>El alcalde de la ciudad, Toni P\u00e9rez, acompa\u00f1\u00f3 a la benidormense en este emotivo homenaje junto al edil de Deportes, Javier Jord\u00e1, y otros miembros de la Corporaci\u00f3n municipal, entre ellos el tambi\u00e9n diputado auton\u00f3mico Jos\u00e9 Ram\u00f3n Gonz\u00e1lez de Z\u00e1rate. <\/p>   <p>Lili estuvo arropada por sus excompa\u00f1eras Elsa Baquerizo y Paula Soria, as\u00ed como por los t\u00e9cnicos Sebasti\u00e1n Menegozzo y Sixto Jim\u00e9nez, en un acto promovido por la Federaci\u00f3n Espa\u00f1ola de Voleibol y la Federaci\u00f3n de Voleibol de la Comunitat Valenciana. La jugadora benidormense se mostr\u00f3 muy emocionada durante el homenaje, que se llev\u00f3 a cabo en la playa donde dio sus primeros pasos en este deporte junto a su madre, Draguy Steiner, quien estuvo muy presente en el acto pese a su fallecimiento en 2022.<\/p>   <p>Arropada por sus familiares y amigos, Lili agradeci\u00f3 todo el apoyo recibido desde que decidi\u00f3 unir su camino junto al de Elsa Baquerizo, con quien form\u00f3 una pareja extraordinaria durante 14 a\u00f1os. Adem\u00e1s, la benidormense tambi\u00e9n valor\u00f3 la aportaci\u00f3n de la oriolana Paula Soria, quien le permiti\u00f3 disputar sus cuartos Juegos Ol\u00edmpicos, en Par\u00eds, el pasado verano tras ser madre por partida doble, logrando una muy meritoria octava plaza.<\/p>   <p>Adem\u00e1s del alcalde Toni P\u00e9rez, al homenaje tambi\u00e9n asistieron muchas otras autoridades, como el presidente de la Federaci\u00f3n Espa\u00f1ola de Voleibol, Felipe Pascual; el director general de Deportes de la Generalitat Valenciana, Luis Cervera; el presidente de la Federaci\u00f3n de Voleibol de la Comunitat Valenciana, Arturo Ruiz; y el director de la Fundaci\u00f3n Trinidad Alfonso, Juan Miguel G\u00f3mez, entre otros.<\/p> ","protected":false},"excerpt":{"rendered":"<p>La jugadora recibe un reconocimiento a su carrera en la arena sobre la que dio sus primeros pasos en el v\u00f3ley playa<\/p>\n","protected":false},"author":0,"featured_media":16002,"comment_status":"open","ping_status":"open","sticky":false,"template":"","format":"standard","meta":{"_acf_changed":false,"footnotes":""},"categories":[16],"tags":[],"class_list":["post-16001","post","type-post","status-publish","format-standard","has-post-thumbnail","hentry","category-deportes"],"acf":{"ser_id":"QPITU2KYRVAT5IPACH7VIJD3D4","ser_url":"https:\/\/cadenaser.com\/comunitat-valenciana\/2025\/06\/17\/emotivo-homenaje-a-la-cuatro-veces-olimpica-liliana-fernandez-steiner-en-benidorm-radio-benidorm\/"},"_links":{"self":[{"href":"https:\/\/serbenidorm.daliisolutions.com\/index.php\/wp-json\/wp\/v2\/posts\/16001","targetHints":{"allow":["GET"]}}],"collection":[{"href":"https:\/\/serbenidorm.daliisolutions.com\/index.php\/wp-json\/wp\/v2\/posts"}],"about":[{"href":"https:\/\/serbenidorm.daliisolutions.com\/index.php\/wp-json\/wp\/v2\/types\/post"}],"replies":[{"embeddable":true,"href":"https:\/\/serbenidorm.daliisolutions.com\/index.php\/wp-json\/wp\/v2\/comments?post=16001"}],"version-history":[{"count":0,"href":"https:\/\/serbenidorm.daliisolutions.com\/index.php\/wp-json\/wp\/v2\/posts\/16001\/revisions"}],"wp:featuredmedia":[{"embeddable":true,"href":"https:\/\/serbenidorm.daliisolutions.com\/index.php\/wp-json\/wp\/v2\/media\/16002"}],"wp:attachment":[{"href":"https:\/\/serbenidorm.daliisolutions.com\/index.php\/wp-json\/wp\/v2\/media?parent=16001"}],"wp:term":[{"taxonomy":"category","embeddable":true,"href":"https:\/\/serbenidorm.daliisolutions.com\/index.php\/wp-json\/wp\/v2\/categories?post=16001"},{"taxonomy":"post_tag","embeddable":true,"href":"https:\/\/serbenidorm.daliisolutions.com\/index.php\/wp-json\/wp\/v2\/tags?post=16001"}],"curies":[{"name":"wp","href":"https:\/\/api.w.org\/{rel}","templated":true}]}}