{"id":16007,"date":"2025-06-17T12:22:26","date_gmt":"2025-06-17T10:22:26","guid":{"rendered":"https:\/\/serbenidorm.daliisolutions.com\/index.php\/2025\/06\/17\/la-copa-del-mundo-de-ciclocross-prepara-ya-su-cuarta-visita-a-benidorm\/"},"modified":"2025-06-17T12:22:26","modified_gmt":"2025-06-17T10:22:26","slug":"la-copa-del-mundo-de-ciclocross-prepara-ya-su-cuarta-visita-a-benidorm","status":"publish","type":"post","link":"https:\/\/serbenidorm.daliisolutions.com\/index.php\/2025\/06\/17\/la-copa-del-mundo-de-ciclocross-prepara-ya-su-cuarta-visita-a-benidorm\/","title":{"rendered":"La Copa del Mundo de ciclocross prepara ya su cuarta visita a Benidorm"},"content":{"rendered":"  <p><div data-adtype=\"MLDB\"><\/div><\/p>   <p>Benidorm<\/p>   <p>Es, sin duda alguna, la gran cita deportiva del invierno no s\u00f3lo en Benidorm, sino en toda la Costa Blanca y, junto al Benidorm Fest, el gran revulsivo tur\u00edstico de la anta\u00f1o temporada baja de la capital tur\u00edstica de la Comunitat Valenciana. La Copa del Mundo de ciclocross cumplir\u00e1 el pr\u00f3ximo mes de enero su cuarta edici\u00f3n en el circuito de El Moralet y Foietes, all\u00ed donde ya han triunfado nombres como Mathieu Van der Poel, Wout van Aert, Thibau Nys o Fem Van Empel y donde el \u00eddolo local, Felipe Orts, ha vivido alguna de sus tardes m\u00e1s gloriosas.<\/p>   <p>Un trazado con identidad propia dentro la docena de pruebas que conforman el calendario m\u00e1s importante de la especialidad invernal del ciclismo. Un trazado mediterr\u00e1neo, muy distinto a los m\u00e1s t\u00edpicos de B\u00e9lgica y Pa\u00edses Bajos y, a la vez, muy diferenciado de otras sedes alejadas de esos dos pa\u00edses como Dubl\u00edn, Cabras (cancelada el pasado a\u00f1o por un temporal), Waterloo (Estados Unidos) o Val di Sole por nombrar s\u00f3lo algunos de los destinos \u2018ex\u00f3ticos\u2019 m\u00e1s recientes.<\/p>   <p>El circuito dise\u00f1ado en su d\u00eda por Pascual Momparler, Miguel \u00c1ngel Ortega y todo el equipo organizativo de la prueba se ha mantenido siempre fiel a su leitmotiv fundacional, verbigracia, un trazado semiurbano que combina una parte m\u00e1s t\u00e9cnica en el parque de Foietes y otra m\u00e1s forestal en El Moralet y, sobre todo, una propuesta que pone la velocidad en el centro de la propuesta.<\/p>   <p>Un circuito, en todo caso, que ha ido introduciendo cada a\u00f1o ligeras variaciones que han surgido de la escucha activa que Momparler y su equipo han mantenido siempre hacia los comentarios de los grandes protagonistas del evento, los ciclistas, y los de aquellos a los que va dirigido el espect\u00e1culo, el p\u00fablico.<\/p>   <p>Un trabajo, el de (re)dise\u00f1o del trazado que comienza muchos meses antes de que llegue el fr\u00edo a la ciudad de los rascacielos. De hecho, ha sido ahora, a las puertas del verano, cuando una delegaci\u00f3n de la empresa organizadora y de Flanders Classics, encargada de la Copa del Mundo por delegaci\u00f3n de la Uni\u00f3n Ciclista Internacional (UCI), ha comenzado ya su trabajo de campo de cara a la cuarta edici\u00f3n.<\/p>   <p>Los organizadores de la carrera est\u00e1n estos d\u00edas en Benidorm revisando esos dos parques de El Moralet y Foietes y, aunque no han querido concretar ning\u00fan detalle respecto a las variaciones que se puedan introducir en 2026, s\u00ed han concedido que se est\u00e1n preparando algunos cambios por lo que, una vez m\u00e1s, se esperan sorpresas de cara al duelo invernal.<\/p>   <p>El sue\u00f1o mundialista de 2029<\/p>   <p>Y todo ello, a s\u00f3lo tres meses de que el pr\u00f3ximo mes de septiembre, si se cumplen los plazos previstos, la UCI d\u00e9 a conocer el nombre de la ciudad que albergar\u00e1 el Mundial de 2029 y al que, como inform\u00f3 el propio alcalde de la ciudad, Toni P\u00e9rez, junto a Pascual Momparler el pasado mes de enero, Benidorm ya ha presentado su candidatura.<\/p>   <p>Por el momento, de hecho, la de la capital tur\u00edstica de la Costa Blanca es la \u00fanica candidatura conocida para tomar el testigo de Hulst (Pa\u00edses Bajos) en 2026, Ostende (B\u00e9lgica) en 2027 y Hoogerheide (Pa\u00edses Bajos) en 2028. Si finalmente la UCI concede el Campeonato del Mundo a Benidorm, ser\u00e1 la primera vez que la pelea por el maillot arco\u00edris vuelva a Espa\u00f1a tras Getxo, que fue sede mundialista en 1990. Antes, lo hab\u00edan sido Tolosa (1981 y 1960), Ordizia (1979, aunque en este caso, s\u00f3lo para la categor\u00eda J\u00fanior), Amorebieta (1978), Vera de Bidasoa (1974), Beasain (1966) y O\u00f1ati (1953).<\/p> ","protected":false},"excerpt":{"rendered":"<p>La organizaci\u00f3n ha visitado los parques de El Moralet y Foietes para inspeccionar la zona y preparar novedades de cara a la cuarta edici\u00f3n<\/p>\n","protected":false},"author":0,"featured_media":16008,"comment_status":"open","ping_status":"open","sticky":false,"template":"","format":"standard","meta":{"_acf_changed":false,"footnotes":""},"categories":[16],"tags":[],"class_list":["post-16007","post","type-post","status-publish","format-standard","has-post-thumbnail","hentry","category-deportes"],"acf":{"ser_id":"SFWEB52ACVB45INV7IVUR7OQP4","ser_url":"https:\/\/cadenaser.com\/comunitat-valenciana\/2025\/06\/17\/la-copa-del-mundo-de-ciclocross-prepara-ya-su-cuarta-visita-a-benidorm-radio-benidorm\/"},"_links":{"self":[{"href":"https:\/\/serbenidorm.daliisolutions.com\/index.php\/wp-json\/wp\/v2\/posts\/16007","targetHints":{"allow":["GET"]}}],"collection":[{"href":"https:\/\/serbenidorm.daliisolutions.com\/index.php\/wp-json\/wp\/v2\/posts"}],"about":[{"href":"https:\/\/serbenidorm.daliisolutions.com\/index.php\/wp-json\/wp\/v2\/types\/post"}],"replies":[{"embeddable":true,"href":"https:\/\/serbenidorm.daliisolutions.com\/index.php\/wp-json\/wp\/v2\/comments?post=16007"}],"version-history":[{"count":0,"href":"https:\/\/serbenidorm.daliisolutions.com\/index.php\/wp-json\/wp\/v2\/posts\/16007\/revisions"}],"wp:featuredmedia":[{"embeddable":true,"href":"https:\/\/serbenidorm.daliisolutions.com\/index.php\/wp-json\/wp\/v2\/media\/16008"}],"wp:attachment":[{"href":"https:\/\/serbenidorm.daliisolutions.com\/index.php\/wp-json\/wp\/v2\/media?parent=16007"}],"wp:term":[{"taxonomy":"category","embeddable":true,"href":"https:\/\/serbenidorm.daliisolutions.com\/index.php\/wp-json\/wp\/v2\/categories?post=16007"},{"taxonomy":"post_tag","embeddable":true,"href":"https:\/\/serbenidorm.daliisolutions.com\/index.php\/wp-json\/wp\/v2\/tags?post=16007"}],"curies":[{"name":"wp","href":"https:\/\/api.w.org\/{rel}","templated":true}]}}