{"id":16011,"date":"2025-06-17T13:22:35","date_gmt":"2025-06-17T11:22:35","guid":{"rendered":"https:\/\/serbenidorm.daliisolutions.com\/index.php\/2025\/06\/17\/la-lider-de-la-oposicion-en-benidorm-se-ve-con-fuerzas-para-repetir-como-candidata-a-la-alcaldia\/"},"modified":"2025-06-17T13:22:35","modified_gmt":"2025-06-17T11:22:35","slug":"la-lider-de-la-oposicion-en-benidorm-se-ve-con-fuerzas-para-repetir-como-candidata-a-la-alcaldia","status":"publish","type":"post","link":"https:\/\/serbenidorm.daliisolutions.com\/index.php\/2025\/06\/17\/la-lider-de-la-oposicion-en-benidorm-se-ve-con-fuerzas-para-repetir-como-candidata-a-la-alcaldia\/","title":{"rendered":"La l\u00edder de la oposici\u00f3n en Benidorm se ve \u00abcon fuerzas\u00bb para repetir como candidata a la alcald\u00eda"},"content":{"rendered":"  <p><div data-adtype=\"MLDB\"><\/div><\/p>   <p>Benidorm<\/p>   <p>La secretaria general del PSPV-PSOE de Benidorm, Cristina Escoda, ha sido reelegida este fin de semana, su candidatura era la \u00fanica, y se ve \u00abcon fuerzas\u00bb para volver a ser la candidata a la alcald\u00eda en las pr\u00f3ximas elecciones, aunque \u00abno es el momento\u00bb.<\/p>   <p>La tambi\u00e9n portavoz del grupo socialista en el pleno municipal ha asegurado durante una entrevista en <a href=\"https:\/\/cadenaser.com\/tag\/benidorm\/a\/\" target=\"_blank\" rel=\"nofollow\" title=\"https:\/\/cadenaser.com\/tag\/benidorm\/a\/\">Radio Benidorm<\/a> que el suyo es \u00abun proyecto para cuatro a\u00f1os\u00bb y pretende recuperar el gobierno local de la ciudad.<\/p>   <p>De hecho y coincidiendo con en el ecuador de esta administraci\u00f3n ha vuelto a cargar contra el actual regidor: \u00abLa sentencia de los 330 millones de Sierra Helada acredita que Toni P\u00e9rez es el alcalde con la peor gesti\u00f3n de Espa\u00f1a\u00bb. <\/p>  <p><p>M\u00e1s informaci\u00f3n<\/p><figure><img decoding=\"async\" src=\"https:\/\/cadenaser.com\/resizer\/v2\/PT64GXCBZZAGZJ2OHM7JGELMPA.JPG?auth=c38d39ef83f53314f4482eeb133cdc1da7767f293ff0cb66a230aeb2740c6d02&amp;quality=70&amp;width=360&amp;height=202&amp;smart=true\" width=\"820\" height=\"621\" loading=\"lazy\" \/><\/figure><ul><li><a href=\"https:\/\/cadenaser.com\/comunitat-valenciana\/2025\/05\/30\/condena-de-330-millones-a-benidorm-la-abogacia-de-la-generalitat-pide-que-se-desestime-el-incidente-de-nulidad-presentado-por-el-ayuntamiento-radio-benidorm\/\"><span>Condena de 330 millones a Benidorm: la Abogac\u00eda de la Generalitat pide rechazar el incidente de nulidad presentado por el Ayuntamiento<\/span><\/a><\/li><\/ul><\/p>   <p>Escoda ha llamado adem\u00e1s &#8216;filtraci\u00f3n&#8217; y &#8216;globosonda&#8217; a la publicaci\u00f3n del digital Alicante Plaza que descarta su nombre y apunta al diputado auton\u00f3mico Mario Villar y al director de Comunicaci\u00f3n del Ministerio de Transportes Pere Rostoll encabezar la lista socialista en los comicios de 2027: \u00abYo tampoco he renunciado a ser la pr\u00f3xima alcaldable\u00bb.<\/p>   <p>Asegura la actual l\u00edder de la oposici\u00f3n que ni Villar ni Rostoll, integrados en su nueva ejecutiva, le han transmitido esa intenci\u00f3n: \u00abCuando el partido saque la convocatoria para elegir los candidatos me pronunciar\u00e9, pero de momento claro que me siento fuerte y firme para seguir\u00bb.<\/p>   <p>Escoda, que ha vuelto a elegir a Miquel Soldevila como secretario de Organizaci\u00f3n en la agrupaci\u00f3n de Benidorm, hablaba tambi\u00e9n en <a href=\"https:\/\/cadenaser.com\/tag\/comarca_la_marina_baixa\/a\/\" target=\"_blank\" rel=\"nofollow\" title=\"https:\/\/cadenaser.com\/tag\/comarca_la_marina_baixa\/a\/\">La Ventana de la Marina Baixa<\/a> de la decepci\u00f3n que le producen los \u00faltimos casos de presunta corrupci\u00f3n que afectan a su partido.<\/p> ","protected":false},"excerpt":{"rendered":"<p>Cristina Escoda, reelegida secretaria general del PSOE, critica la gesti\u00f3n de Toni P\u00e9rez y asegura que \u00abno es el momento\u00bb de pensar en la candidatura del 2027<\/p>\n","protected":false},"author":0,"featured_media":16012,"comment_status":"open","ping_status":"open","sticky":false,"template":"","format":"standard","meta":{"_acf_changed":false,"footnotes":""},"categories":[1],"tags":[],"class_list":["post-16011","post","type-post","status-publish","format-standard","has-post-thumbnail","hentry","category-sin-categoria"],"acf":{"ser_id":"F7VFGABMCVBBTE6IJTQGVYVNDE","ser_url":"https:\/\/cadenaser.com\/comunitat-valenciana\/2025\/06\/17\/la-lider-de-la-oposicion-en-benidorm-se-ve-con-fuerzas-para-repetir-como-candidata-a-la-alcaldia-radio-benidorm\/"},"_links":{"self":[{"href":"https:\/\/serbenidorm.daliisolutions.com\/index.php\/wp-json\/wp\/v2\/posts\/16011","targetHints":{"allow":["GET"]}}],"collection":[{"href":"https:\/\/serbenidorm.daliisolutions.com\/index.php\/wp-json\/wp\/v2\/posts"}],"about":[{"href":"https:\/\/serbenidorm.daliisolutions.com\/index.php\/wp-json\/wp\/v2\/types\/post"}],"replies":[{"embeddable":true,"href":"https:\/\/serbenidorm.daliisolutions.com\/index.php\/wp-json\/wp\/v2\/comments?post=16011"}],"version-history":[{"count":0,"href":"https:\/\/serbenidorm.daliisolutions.com\/index.php\/wp-json\/wp\/v2\/posts\/16011\/revisions"}],"wp:featuredmedia":[{"embeddable":true,"href":"https:\/\/serbenidorm.daliisolutions.com\/index.php\/wp-json\/wp\/v2\/media\/16012"}],"wp:attachment":[{"href":"https:\/\/serbenidorm.daliisolutions.com\/index.php\/wp-json\/wp\/v2\/media?parent=16011"}],"wp:term":[{"taxonomy":"category","embeddable":true,"href":"https:\/\/serbenidorm.daliisolutions.com\/index.php\/wp-json\/wp\/v2\/categories?post=16011"},{"taxonomy":"post_tag","embeddable":true,"href":"https:\/\/serbenidorm.daliisolutions.com\/index.php\/wp-json\/wp\/v2\/tags?post=16011"}],"curies":[{"name":"wp","href":"https:\/\/api.w.org\/{rel}","templated":true}]}}