{"id":16022,"date":"2025-06-17T15:19:11","date_gmt":"2025-06-17T13:19:11","guid":{"rendered":"https:\/\/serbenidorm.daliisolutions.com\/index.php\/2025\/06\/17\/23-establecimientos-participan-en-el-xv-concurso-de-tapas-y-pinchos-de-benidorm\/"},"modified":"2025-06-17T15:19:11","modified_gmt":"2025-06-17T13:19:11","slug":"23-establecimientos-participan-en-el-xv-concurso-de-tapas-y-pinchos-de-benidorm","status":"publish","type":"post","link":"https:\/\/serbenidorm.daliisolutions.com\/index.php\/2025\/06\/17\/23-establecimientos-participan-en-el-xv-concurso-de-tapas-y-pinchos-de-benidorm\/","title":{"rendered":"23 establecimientos participan  en el XV Concurso de Tapas y Pinchos de Benidorm"},"content":{"rendered":"  <p><div data-adtype=\"MLDB\"><\/div><\/p>   <p>Benidorm<\/p>   <p>La XV edici\u00f3n del \u2018Concurso de Tapas y Pinchos\u2019 de Benidorm volver\u00e1 a batir este a\u00f1o un<a href=\"https:\/\/cadenaser.com\/comunitat-valenciana\/2024\/06\/11\/benidorm-celebra-su-xiv-concurso-de-tapas-y-pinchos-del-14-al-23-de-junio-radio-benidorm\/\" target=\"_blank\" rel=\"nofollow\" title=\"https:\/\/cadenaser.com\/comunitat-valenciana\/2024\/06\/11\/benidorm-celebra-su-xiv-concurso-de-tapas-y-pinchos-del-14-al-23-de-junio-radio-benidorm\/\"> nuevo r\u00e9cord de participaci\u00f3n<\/a>, con un total de 23 establecimientos participantes.<\/p>   <p>As\u00ed lo ha trasladado la gerente de ABRECA, Irene Carre\u00f1o, en <a href=\"https:\/\/radiobenidorm.es\" target=\"_blank\" rel=\"nofollow\" title=\"https:\/\/radiobenidorm.es\">Hoy por Hoy Benidorm<\/a>. Este evento, enmarcado en el paraguas del \u00abBenidorm Gastron\u00f3mico\u00bb se celebrar\u00e1 del 20 al 29 de junio.<\/p>   <p>Los 23 establecimientos que tomar\u00e1n parte en este \u2018XV Concurso de Tapas y Pinchos\u2019 son: Bald\u00f3, Cervecer\u00eda L\u2019Abadia, Chiringuito Beach, DNI Ib\u00e9ricos, El Bodeg\u00f3n Aurrer\u00e1, Elk Mes\u00f3n, Esturi\u00f3n, Freidur\u00eda Los Peces, La Braser\u00eda Aurrer\u00e1, La Cava Aragonesa, La Fava, La Juana, La Pinta, La Pinta Beach, La Tabernita del Sur, La Taper\u00eda, Malaspina, Marisquer\u00eda El Puerto, Molta Pasta, Pinocchio Playa, Pintxos Aurrer\u00e1, Rock\u2019n\u2019Ribs, y Taberna Andaluza.<\/p>   <p>Los participantes han dise\u00f1ado tapas y pinchos que ofrecer\u00e1n en sus establecimientos a un precio de 3,50 euros. \u00abEs un precio al alcance de todos y nos permite probar muchas tapas en muchos establecimientos distintos ya sea como entrante cuando vamos a comer o porque nos apetece una tapa en cualquier momento del d\u00eda. Adem\u00e1s participar como p\u00fablico en el concurso, tiene premio\u00bb, explica Carre\u00f1o.<\/p>   <p>Por un lado se entregar\u00e1 premios a las mejores tapas y pinchos elegidos por un jurado profesional que hoy mismo ha probado ya todas las propuestas. Pero, adem\u00e1s, habr\u00e1 un jurado popular en el que los comensales pueden votar por su tapa o pincho preferido para otorgar el premio del p\u00fablico. Entre todos los clientes que hayan participado en la votaci\u00f3n se sortear\u00e1 una cena para dos personas valorada en 60 euros a disfrutar en cualquiera de los establecimientos participantes.<\/p>   <p>Este \u2018XV Concurso de Tapas y Pinchos\u2019 es la tercera cita del \u2018Benidorm Gastron\u00f3mico 2025\u2019, tras la celebraci\u00f3n de estas \u2018XIII Jornadas de la cuchara\u2019 y las \u2018V Jornadas del At\u00fan\u2019. El programa continuar\u00e1 en septiembre, del 19 al 28, fechas en las que se podr\u00e1n degustar las distintas propuestas del \u2018IV Concurso de Cocktails\u2019, mientras que del 17 al 26 de octubre cobrar\u00e1n protagonismo los arroces con las \u2018XIV Jornadas de los Arroces de la Tierra\u2019.<\/p> ","protected":false},"excerpt":{"rendered":"<p>Se celebra del 20 al 29 de junio con jurado profesional y popular<\/p>\n","protected":false},"author":0,"featured_media":16023,"comment_status":"open","ping_status":"open","sticky":false,"template":"","format":"standard","meta":{"_acf_changed":false,"footnotes":""},"categories":[1],"tags":[],"class_list":["post-16022","post","type-post","status-publish","format-standard","has-post-thumbnail","hentry","category-sin-categoria"],"acf":{"ser_id":"JCZKBHPIL5FWZNYWUVF7DFQFLM","ser_url":"https:\/\/cadenaser.com\/comunitat-valenciana\/2025\/06\/17\/23-establecimientos-participan-en-el-xv-concurso-de-tapas-y-pinchos-de-benidorm-radio-benidorm\/"},"_links":{"self":[{"href":"https:\/\/serbenidorm.daliisolutions.com\/index.php\/wp-json\/wp\/v2\/posts\/16022","targetHints":{"allow":["GET"]}}],"collection":[{"href":"https:\/\/serbenidorm.daliisolutions.com\/index.php\/wp-json\/wp\/v2\/posts"}],"about":[{"href":"https:\/\/serbenidorm.daliisolutions.com\/index.php\/wp-json\/wp\/v2\/types\/post"}],"replies":[{"embeddable":true,"href":"https:\/\/serbenidorm.daliisolutions.com\/index.php\/wp-json\/wp\/v2\/comments?post=16022"}],"version-history":[{"count":0,"href":"https:\/\/serbenidorm.daliisolutions.com\/index.php\/wp-json\/wp\/v2\/posts\/16022\/revisions"}],"wp:featuredmedia":[{"embeddable":true,"href":"https:\/\/serbenidorm.daliisolutions.com\/index.php\/wp-json\/wp\/v2\/media\/16023"}],"wp:attachment":[{"href":"https:\/\/serbenidorm.daliisolutions.com\/index.php\/wp-json\/wp\/v2\/media?parent=16022"}],"wp:term":[{"taxonomy":"category","embeddable":true,"href":"https:\/\/serbenidorm.daliisolutions.com\/index.php\/wp-json\/wp\/v2\/categories?post=16022"},{"taxonomy":"post_tag","embeddable":true,"href":"https:\/\/serbenidorm.daliisolutions.com\/index.php\/wp-json\/wp\/v2\/tags?post=16022"}],"curies":[{"name":"wp","href":"https:\/\/api.w.org\/{rel}","templated":true}]}}