{"id":16024,"date":"2025-06-17T15:34:14","date_gmt":"2025-06-17T13:34:14","guid":{"rendered":"https:\/\/serbenidorm.daliisolutions.com\/index.php\/2025\/06\/17\/la-vila-joiosa-afronta-los-ultimos-tramites-para-la-construccion-de-un-nuevo-hotel-de-4-estrellas-en-la-playa-del-paraiso\/"},"modified":"2025-06-17T15:34:14","modified_gmt":"2025-06-17T13:34:14","slug":"la-vila-joiosa-afronta-los-ultimos-tramites-para-la-construccion-de-un-nuevo-hotel-de-4-estrellas-en-la-playa-del-paraiso","status":"publish","type":"post","link":"https:\/\/serbenidorm.daliisolutions.com\/index.php\/2025\/06\/17\/la-vila-joiosa-afronta-los-ultimos-tramites-para-la-construccion-de-un-nuevo-hotel-de-4-estrellas-en-la-playa-del-paraiso\/","title":{"rendered":"La Vila Joiosa afronta los \u00faltimos tr\u00e1mites para la construcci\u00f3n de un nuevo hotel de 4 estrellas en la Playa del Para\u00edso"},"content":{"rendered":"  <p><div data-adtype=\"MLDB\"><\/div><\/p>   <p>La Vila Joiosa<\/p>   <p>La Vila Joiosa proyecta ampliar su planta hotelera en breve con la incorporaci\u00f3n de un nuevo establecimiento ubicado en la Playa del Para\u00edso. Se trata de un hotel de 4 estrellas con m\u00e1s de 180 habitaciones que se construir\u00e1 pr\u00f3ximamente en una parcela que era de propiedad municipal y que el Consistorio vendi\u00f3 a una familia de empresarios hoteleros de la Marina Baixa.<\/p>   <p>En <a href=\"https:\/\/radiobenidorm.es\" target=\"_blank\" rel=\"nofollow\" title=\"https:\/\/radiobenidorm.es\">Hoy por Hoy Benidorm,<\/a> el alcalde Marcos Zaragoza, ha afirmado que \u201ces un proyecto emblem\u00e1tico para la Playa del Para\u00edso\u201d y que la propuesta ya ha llegado al Ayuntamiento, ha superado los tr\u00e1mites municipales y la exposici\u00f3n al p\u00fablico y est\u00e1 a punto de obtener los permisos necesarios. \u201cTenemos aun m\u00e1s margen de crecimiento en la planta hotelera vilera y ya hay alg\u00fan proyecto m\u00e1s a la vista que daremos a conocer m\u00e1s adelante\u201d, ha dejado entrever. <\/p>   <p>Con respecto a la inminente temporada alta tur\u00edstica, Zaragoza augura que el municipio registrar\u00e1 \u201cocupaciones muy similares a las del verano pasado en el que tuvimos cifras de r\u00e9cord\u201d. En este sentido, recuerda que La Vila Joiosa cuenta con un mercado tur\u00edstico eminentemente nacional \u201cdel centro de la pen\u00ednsula\u201d muy ligado a sus segundas residencias pero que, cada vez m\u00e1s, crece el mercado internacional, principalmente holandeses, belgas, brit\u00e1nicos y franceses. Un turista internacional que prefiere establecimientos hoteleros o apartamentos tur\u00edsticos en el Casco Antiguo, donde tambi\u00e9n ha crecido el n\u00famero de plazas en \u201choteles boutique\u201d. <\/p>   <p>Por otra parte, el primer edil ha avanzado que \u201cen un plazo de 10 meses\u201d el municipio podr\u00e1 tener listo ya el Plan Estrat\u00e9gico. Un documento que marcar\u00e1 todo el desarrollo urban\u00edstico y la estrategia tur\u00edstica en el municipio \u201cpara los pr\u00f3ximos 10 o 15 a\u00f1os\u201d. <\/p>   <p>El plan entrar\u00e1 en fase de redacci\u00f3n una vez finalizada la ronda de consultas que ha iniciado el municipio con asociaciones y entidades locales, t\u00e9cnicos municipales y especialistas externos. \u201cVamos a tener mucha participaci\u00f3n y mucha implicaci\u00f3n para lograr tener el equilibrio que buscamos entre desarrollo y sostenibilidad. El plan nos va a marcar qu\u00e9 queremos ser de mayores\u201d, asevera el alcalde. <\/p>   <p>Zaragoza tambi\u00e9n ha recordado que el municipio tambi\u00e9n tiene previsto crecer en el parque de viviendas habituales. Por un lado ha recordado que el PP4 \u201cXovaes\u201d del que el Ayuntamientos ha asumido la gesti\u00f3n directa <a href=\"https:\/\/cadenaser.com\/comunitat-valenciana\/2025\/02\/13\/bajon-de-la-construccion-de-vivienda-en-benidorm-y-villajoyosa-durante-2025-radio-benidorm\/\" target=\"_blank\" rel=\"nofollow\" title=\"https:\/\/cadenaser.com\/comunitat-valenciana\/2025\/02\/13\/bajon-de-la-construccion-de-vivienda-en-benidorm-y-villajoyosa-durante-2025-radio-benidorm\/\">\u201cnos permitir\u00e1 tener solares destinados a m\u00e1s viviendas para los vecinos\u201d<\/a> y por otro lado recuerda que La Vila Joiosa contar\u00e1 con m\u00e1s de 100 viviendas de protecci\u00f3n oficial entre las que va a construir la Generalitat en una parcela que cedi\u00f3 el Ayuntamiento y las que se edificar\u00e1 en otras dos parcelas municipales subastadas recientemente. <\/p>   <p>Por \u00faltimo, el primer edil avanza que las <a href=\"https:\/\/cadenaser.com\/comunitat-valenciana\/2024\/07\/22\/cuenta-atras-para-los-moros-y-cristianos-de-villajoyosa-radio-benidorm\/\" target=\"_blank\" rel=\"nofollow\" title=\"https:\/\/cadenaser.com\/comunitat-valenciana\/2024\/07\/22\/cuenta-atras-para-los-moros-y-cristianos-de-villajoyosa-radio-benidorm\/\">Fiestas de Moros y Cristianos en honor a Santa Marta <\/a>contar\u00e1n con un castillo \u201cm\u00e1s alto, con dos almenas y unas dimensiones que cumplen con los est\u00e1ndares que todos queremos para las fiestas\u201d y zanjar as\u00ed <a href=\"https:\/\/cadenaser.com\/comunitat-valenciana\/2024\/07\/18\/los-festeros-de-la-vila-joiosa-cargan-contra-el-nuevo-castillo-de-moros-y-cristianos-y-la-polemica-llega-al-pleno-radio-benidorm\/\" target=\"_blank\" rel=\"nofollow\" title=\"https:\/\/cadenaser.com\/comunitat-valenciana\/2024\/07\/18\/los-festeros-de-la-vila-joiosa-cargan-contra-el-nuevo-castillo-de-moros-y-cristianos-y-la-polemica-llega-al-pleno-radio-benidorm\/\">la pol\u00e9mica del a\u00f1o pasado respecto del peque\u00f1o tama\u00f1o del castillo festero. <\/a><\/p> ","protected":false},"excerpt":{"rendered":"<p>El alcalde, Marcos Zaragoza, afirma que el castillo de las Fiestas ser\u00e1 \u00abm\u00e1s alto y con dos almenas\u00bb y acabar\u00e1 con la pol\u00e9mica del a\u00f1o pasado<\/p>\n","protected":false},"author":0,"featured_media":16025,"comment_status":"open","ping_status":"open","sticky":false,"template":"","format":"standard","meta":{"_acf_changed":false,"footnotes":""},"categories":[1],"tags":[],"class_list":["post-16024","post","type-post","status-publish","format-standard","has-post-thumbnail","hentry","category-sin-categoria"],"acf":{"ser_id":"J6W7WE6HMNH3XG5W2WUNRHBXOI","ser_url":"https:\/\/cadenaser.com\/comunitat-valenciana\/2025\/06\/17\/la-vila-joiosa-afronta-los-ultimos-tramites-para-la-construccion-de-un-nuevo-hotel-de-4-estrellas-en-la-playa-del-paraiso-radio-benidorm\/"},"_links":{"self":[{"href":"https:\/\/serbenidorm.daliisolutions.com\/index.php\/wp-json\/wp\/v2\/posts\/16024","targetHints":{"allow":["GET"]}}],"collection":[{"href":"https:\/\/serbenidorm.daliisolutions.com\/index.php\/wp-json\/wp\/v2\/posts"}],"about":[{"href":"https:\/\/serbenidorm.daliisolutions.com\/index.php\/wp-json\/wp\/v2\/types\/post"}],"replies":[{"embeddable":true,"href":"https:\/\/serbenidorm.daliisolutions.com\/index.php\/wp-json\/wp\/v2\/comments?post=16024"}],"version-history":[{"count":0,"href":"https:\/\/serbenidorm.daliisolutions.com\/index.php\/wp-json\/wp\/v2\/posts\/16024\/revisions"}],"wp:featuredmedia":[{"embeddable":true,"href":"https:\/\/serbenidorm.daliisolutions.com\/index.php\/wp-json\/wp\/v2\/media\/16025"}],"wp:attachment":[{"href":"https:\/\/serbenidorm.daliisolutions.com\/index.php\/wp-json\/wp\/v2\/media?parent=16024"}],"wp:term":[{"taxonomy":"category","embeddable":true,"href":"https:\/\/serbenidorm.daliisolutions.com\/index.php\/wp-json\/wp\/v2\/categories?post=16024"},{"taxonomy":"post_tag","embeddable":true,"href":"https:\/\/serbenidorm.daliisolutions.com\/index.php\/wp-json\/wp\/v2\/tags?post=16024"}],"curies":[{"name":"wp","href":"https:\/\/api.w.org\/{rel}","templated":true}]}}