{"id":1603,"date":"2024-01-22T15:56:06","date_gmt":"2024-01-22T14:56:06","guid":{"rendered":"https:\/\/serbenidorm.daliisolutions.com\/index.php\/2024\/01\/22\/las-policias-locales-de-espana-se-encontraran-en-benidorm-para-reclamar-una-ley-nacional-que-las-englobe\/"},"modified":"2024-01-22T15:56:06","modified_gmt":"2024-01-22T14:56:06","slug":"las-policias-locales-de-espana-se-encontraran-en-benidorm-para-reclamar-una-ley-nacional-que-las-englobe","status":"publish","type":"post","link":"https:\/\/serbenidorm.daliisolutions.com\/index.php\/2024\/01\/22\/las-policias-locales-de-espana-se-encontraran-en-benidorm-para-reclamar-una-ley-nacional-que-las-englobe\/","title":{"rendered":"Las polic\u00edas locales de Espa\u00f1a se encontrar\u00e1n en Benidorm para reclamar una ley nacional que las englobe"},"content":{"rendered":"  <p>Benidorm<\/p>   <p>Tras dos encuentros auton\u00f3micos, Benidorm sube la apuesta y acoger\u00e1 el primer Congreso Nacional de Polic\u00edas Locales. <a href=\"https:\/\/cadenaser.com\/tag\/benidorm\/a\/\" target=\"_blank\" rel=\"noopener\">Un encuentro pionero en nuestro pa\u00eds que espera una asistencia superior a los 700 efectivos y que sus organizadores quieren que sirva como embri\u00f3n de una ley nacional de la Polic\u00eda Local<\/a>.<\/p>   <p>El intendente jefe de la Polic\u00eda Local de Benidorm, Lu\u00eds Ar\u00e9valo, ha destacado este lunes durante su presentaci\u00f3n que el evento quiere contribuir a reivindicar su trabajo y mejorar la legislaci\u00f3n: \u00abNecesitamos ampliar nuestro margen normativo, hacer una norma que nos unifique a nivel de intervenci\u00f3n\u00bb, ha subrayado.<\/p>   <p>El congreso, para el que ya se ha abierto el plazo de inscripci\u00f3n, tendr\u00e1 lugar los d\u00edas 12 y 13 de abril. La primera jornada se desarrollar\u00e1 en las instalaciones del parque tem\u00e1tico Terra M\u00edtica y combinar\u00e1 actividades l\u00fadicas y formativas entre las que uno de sus organizadores, inspector de la Polic\u00eda Local de Benidorm y miembro del comit\u00e9 organizador, Antonio Ortega, ha destacado durante la presentaci\u00f3n la primera de las mesas redondas.<\/p>   <p>Bajo el t\u00edtulo<a href=\"https:\/\/cadenaser.com\/tag\/policia_municipal\/a\/\" target=\"_blank\" rel=\"noopener\"> \u00abEl futuro de la Polic\u00eda Local. Ley Nacional de la Polic\u00eda Local\u00bb<\/a>, en ella analizar\u00e1n los retos de estos cuerpos de seguridad la presidenta de la Federaci\u00f3n Espa\u00f1ola de Municipios y Provincias Mar\u00eda Jos\u00e9 Garc\u00eda-Pelayo, un miembro de la Agencia Valenciana de Seguridad o un representante del Ministerio del Interior, entre otros.<\/p>  <p><p>M\u00e1s informaci\u00f3n<\/p><figure><img decoding=\"async\" src=\"https:\/\/cadenaser.com\/resizer\/UkgeFJarDoRaJf9UcnSt5aBmiG0=\/650x366\/filters:quality(70)\/cloudfront-eu-central-1.images.arcpublishing.com\/prisaradio\/ITIBJZY57NG2NI7YHUF7UGNCBE.jpg\" loading=\"lazy\" width=\"828\" height=\"621\" \/><\/figure><ul><li><a href=\"https:\/\/cadenaser.com\/comunitat-valenciana\/2024\/01\/19\/cuatro-detenidos-en-la-nucia-y-callosa-den-sarria-por-una-veintena-de-robos-en-viviendas-y-trafico-de-drogas-radio-benidorm\/\">Cuatro detenidos en La Nuc\u00eda y Callosa d&#8217;En Sarri\u00e0 por una veintena de robos en viviendas y tr\u00e1fico de drogas<\/a><\/li><\/ul><\/p>   <p>Le seguir\u00e1 la ponencia \u2018Polic\u00eda 2.0 Conectar con los ciudadanos para mejorar la seguridad y la localidad\u2019 a cargo de Carlos Fern\u00e1ndez Guerra. La siguiente mesa redonda abordar\u00e1 \u2018La detecci\u00f3n de casos de trata sexual por las Fuerzas y Cuerpos de Seguridad en el \u00e1mbito municipal\u2019 y \u2018La protecci\u00f3n y atenci\u00f3n a v\u00edctimas de trata y ciberprostituci\u00f3n\u2019.<\/p>   <p>Despu\u00e9s de una comida de trabajo habr\u00e1 otra mesa redonda con el nombre \u2018La Polic\u00eda Local como polic\u00eda judicial\u2019 y cerrar\u00e1 la jornada otra m\u00e1s en la que participar\u00e1n reconocidos juristas. Estar\u00e1 dividida en tres partes: la primera \u2018La prueba il\u00edcita y sus consecuencias\u2019 a cargo de Antonio del Moral; la segunda a cargo de Vicente Magro con el nombre \u2018Cuestiones pr\u00e1cticas sobre la seguridad vial\u2019 y la \u00faltima, de Juli\u00e1n S\u00e1nchez Melgar sobre \u2018El uso del arma y sus consecuencias\u2019. Los tres ponentes son magistrados del Tribunal Supremo.<\/p>   <p>El valor de las \u00abexperiencias de pasillo\u00bb<\/p>   <p>El inspector jefe de la Polic\u00eda Local de Finestrat y miembro de Uni\u00f3n Nacional de Jefes y Directivos de Polic\u00eda Local (UNIJEPOL) Agust\u00edn Rubio ha subrayado as\u00ed mismo la necesidad de este tipo de \u00abforos de debate\u00bb al no existir ninguno as\u00ed en nuestro pa\u00eds: \u00abSobre todo los intercambios de experiencias, que es donde m\u00e1s se suele aprender\u00bb.<\/p>   <p>El vicepresidente nacional de Sindicato de Polic\u00edas Locales y Bomberos, Paco \u00c1ngel Gonz\u00e1lez, tambi\u00e9n ha puesto el foco en la formaci\u00f3n: \u00abApostamos por unos contenidos de primer nivel relacionados con los quehaceres diarios de las polic\u00edas locales\u00bb.<\/p> ","protected":false},"excerpt":{"rendered":"<p>El I Congreso Nacional de Polic\u00edas Locales tendr\u00e1 lugar en la ciudad el 12 y 13 de abril<\/p>\n","protected":false},"author":0,"featured_media":1604,"comment_status":"open","ping_status":"open","sticky":false,"template":"","format":"standard","meta":{"_acf_changed":false,"footnotes":""},"categories":[1],"tags":[],"class_list":["post-1603","post","type-post","status-publish","format-standard","has-post-thumbnail","hentry","category-sin-categoria"],"acf":{"ser_id":"MKT36MPKYFHC3LBO5SIUXF6SBE","ser_url":"https:\/\/cadenaser.com\/comunitat-valenciana\/2024\/01\/22\/las-policias-locales-de-espana-se-encontraran-en-benidorm-para-reclamar-una-ley-nacional-que-los-englobe-radio-benidorm\/"},"_links":{"self":[{"href":"https:\/\/serbenidorm.daliisolutions.com\/index.php\/wp-json\/wp\/v2\/posts\/1603","targetHints":{"allow":["GET"]}}],"collection":[{"href":"https:\/\/serbenidorm.daliisolutions.com\/index.php\/wp-json\/wp\/v2\/posts"}],"about":[{"href":"https:\/\/serbenidorm.daliisolutions.com\/index.php\/wp-json\/wp\/v2\/types\/post"}],"replies":[{"embeddable":true,"href":"https:\/\/serbenidorm.daliisolutions.com\/index.php\/wp-json\/wp\/v2\/comments?post=1603"}],"version-history":[{"count":0,"href":"https:\/\/serbenidorm.daliisolutions.com\/index.php\/wp-json\/wp\/v2\/posts\/1603\/revisions"}],"wp:featuredmedia":[{"embeddable":true,"href":"https:\/\/serbenidorm.daliisolutions.com\/index.php\/wp-json\/wp\/v2\/media\/1604"}],"wp:attachment":[{"href":"https:\/\/serbenidorm.daliisolutions.com\/index.php\/wp-json\/wp\/v2\/media?parent=1603"}],"wp:term":[{"taxonomy":"category","embeddable":true,"href":"https:\/\/serbenidorm.daliisolutions.com\/index.php\/wp-json\/wp\/v2\/categories?post=1603"},{"taxonomy":"post_tag","embeddable":true,"href":"https:\/\/serbenidorm.daliisolutions.com\/index.php\/wp-json\/wp\/v2\/tags?post=1603"}],"curies":[{"name":"wp","href":"https:\/\/api.w.org\/{rel}","templated":true}]}}