{"id":16035,"date":"2025-06-17T18:11:37","date_gmt":"2025-06-17T16:11:37","guid":{"rendered":"https:\/\/serbenidorm.daliisolutions.com\/index.php\/2025\/06\/17\/dos-anos-de-carcel-por-agredir-sexualmente-a-una-menor-de-14-anos-durante-una-nochevieja-en-benidorm\/"},"modified":"2025-06-17T18:11:37","modified_gmt":"2025-06-17T16:11:37","slug":"dos-anos-de-carcel-por-agredir-sexualmente-a-una-menor-de-14-anos-durante-una-nochevieja-en-benidorm","status":"publish","type":"post","link":"https:\/\/serbenidorm.daliisolutions.com\/index.php\/2025\/06\/17\/dos-anos-de-carcel-por-agredir-sexualmente-a-una-menor-de-14-anos-durante-una-nochevieja-en-benidorm\/","title":{"rendered":"Dos a\u00f1os de c\u00e1rcel por agredir sexualmente a una menor de 14 a\u00f1os durante una nochevieja en Benidorm"},"content":{"rendered":"  <p><div data-adtype=\"MLDB\"><\/div><\/p>   <p>Benidorm<\/p>   <p>Un joven ha sido condenado por la Audiencia de Alicante a dos a\u00f1os de prisi\u00f3n por agredir sexualmente a una menor de 14 a\u00f1os que se encontraba indispuesta tras haber pasado juntos, con un grupo de amigos del procesado, en la bolera y la zona de bares de Benidorm.<\/p>   <p><a href=\"https:\/\/cadenaser.com\/tag\/benidorm\/a\/\" target=\"_blank\" rel=\"nofollow\" title=\"https:\/\/cadenaser.com\/tag\/benidorm\/a\/\">Los hechos tuvieron lugar en torno a las 4.30 horas del d\u00eda de Nochevieja de 2022<\/a>. La sentencia detalla que, despu\u00e9s de haber pasado varias horas juntos y aprovechando que la v\u00edctima estaba \u201cindispuesta\u201d, el acusado la invit\u00f3 a subir a su casa \u201cpara beber agua\u201d, ya que se hallaba muy pr\u00f3xima a la zona de bares.<\/p>  <p><p>M\u00e1s informaci\u00f3n<\/p><figure><img decoding=\"async\" src=\"https:\/\/cadenaser.com\/resizer\/v2\/URAYF6X5EBG4DPYVTTVXILIF6Y.JPG?auth=348e4d149bf34b7ade484baa712c2f91153eb5378a19d1b21c052ffb9fa018db&amp;quality=70&amp;width=360&amp;height=202&amp;smart=true\" width=\"820\" height=\"621\" loading=\"lazy\" \/><\/figure><ul><li><a href=\"https:\/\/cadenaser.com\/comunitat-valenciana\/2025\/06\/17\/la-policia-detiene-en-benidorm-a-dos-hombres-tras-huir-de-un-control-con-mas-de-7200-pastillas-de-extasis-radio-benidorm\/\"><span>La Polic\u00eda detiene en Benidorm a dos hombres tras huir de un control con m\u00e1s de 7.200 pastillas de \u00e9xtasis<\/span><\/a><\/li><\/ul><\/p>   <p>La resoluci\u00f3n judicial considera probado que, una vez en el domicilio, el encausado, de 24 a\u00f1os, actu\u00f3 guiado por un \u00e1nimo libidinoso para abalanzarse sobre ella encima de la cama de una de las habitaciones, donde se produjo la agresi\u00f3n sexual.<\/p>   <p>El procesado asumi\u00f3 los hechos en el juicio, lo que, seg\u00fan el tribunal, \u201cconverge con la prueba practicada\u201d en la fase de instrucci\u00f3n \u201cy con la declaraci\u00f3n de la v\u00edctima\u201d, quien ratific\u00f3 su denuncia durante el desarrollo de la vista y mantuvo un relato \u201ccongruente\u201d con lo manifestado desde que dio cuenta de los hechos. <\/p>   <p>El tribunal considera al acusado autor de un delito de agresi\u00f3n sexual a menor de 16 a\u00f1os, por el que le impone la pena de dos a\u00f1os de c\u00e1rcel, tras estimar la circunstancia atenuante de reparaci\u00f3n del da\u00f1o, ya que el procesado hab\u00eda consignado una indemnizaci\u00f3n de 20.000 euros en favor de la v\u00edctima antes de la celebraci\u00f3n del juicio.<\/p>   <p>El fallo a\u00f1ade la imposici\u00f3n de la medida de alejamiento a una distancia inferior a 500 metros respecto de la v\u00edctima, as\u00ed como la prohibici\u00f3n de comunicaci\u00f3n con ella durante un tiempo de seis a\u00f1os. Tambi\u00e9n establece el cumplimiento de la medida de libertad vigilada por otros siete a\u00f1os m\u00e1s.<\/p>   <p>La sentencia es recurrible en apelaci\u00f3n ante el Tribunal Superior de Justicia de la Comunitat (TSJCV) en el plazo de diez d\u00edas desde su notificaci\u00f3n.<\/p> ","protected":false},"excerpt":{"rendered":"<p>El condenado tiene 24 a\u00f1os<\/p>\n","protected":false},"author":0,"featured_media":16036,"comment_status":"open","ping_status":"open","sticky":false,"template":"","format":"standard","meta":{"_acf_changed":false,"footnotes":""},"categories":[1],"tags":[],"class_list":["post-16035","post","type-post","status-publish","format-standard","has-post-thumbnail","hentry","category-sin-categoria"],"acf":{"ser_id":"C4GQJQUQBRGAJGTB6HHJHJDCAQ","ser_url":"https:\/\/cadenaser.com\/comunitat-valenciana\/2025\/06\/17\/dos-anos-de-carcel-por-agredir-sexualmente-a-una-menor-de-14-anos-durante-una-nochevieja-en-benidorm-radio-benidorm\/"},"_links":{"self":[{"href":"https:\/\/serbenidorm.daliisolutions.com\/index.php\/wp-json\/wp\/v2\/posts\/16035","targetHints":{"allow":["GET"]}}],"collection":[{"href":"https:\/\/serbenidorm.daliisolutions.com\/index.php\/wp-json\/wp\/v2\/posts"}],"about":[{"href":"https:\/\/serbenidorm.daliisolutions.com\/index.php\/wp-json\/wp\/v2\/types\/post"}],"replies":[{"embeddable":true,"href":"https:\/\/serbenidorm.daliisolutions.com\/index.php\/wp-json\/wp\/v2\/comments?post=16035"}],"version-history":[{"count":0,"href":"https:\/\/serbenidorm.daliisolutions.com\/index.php\/wp-json\/wp\/v2\/posts\/16035\/revisions"}],"wp:featuredmedia":[{"embeddable":true,"href":"https:\/\/serbenidorm.daliisolutions.com\/index.php\/wp-json\/wp\/v2\/media\/16036"}],"wp:attachment":[{"href":"https:\/\/serbenidorm.daliisolutions.com\/index.php\/wp-json\/wp\/v2\/media?parent=16035"}],"wp:term":[{"taxonomy":"category","embeddable":true,"href":"https:\/\/serbenidorm.daliisolutions.com\/index.php\/wp-json\/wp\/v2\/categories?post=16035"},{"taxonomy":"post_tag","embeddable":true,"href":"https:\/\/serbenidorm.daliisolutions.com\/index.php\/wp-json\/wp\/v2\/tags?post=16035"}],"curies":[{"name":"wp","href":"https:\/\/api.w.org\/{rel}","templated":true}]}}