{"id":1605,"date":"2024-01-22T15:56:06","date_gmt":"2024-01-22T14:56:06","guid":{"rendered":"https:\/\/serbenidorm.daliisolutions.com\/index.php\/2024\/01\/22\/lalfas-del-pi-abre-el-plazo-para-que-sus-taxistas-obtengan-el-certificado-de-capacitacion-profesional\/"},"modified":"2024-01-22T15:56:06","modified_gmt":"2024-01-22T14:56:06","slug":"lalfas-del-pi-abre-el-plazo-para-que-sus-taxistas-obtengan-el-certificado-de-capacitacion-profesional","status":"publish","type":"post","link":"https:\/\/serbenidorm.daliisolutions.com\/index.php\/2024\/01\/22\/lalfas-del-pi-abre-el-plazo-para-que-sus-taxistas-obtengan-el-certificado-de-capacitacion-profesional\/","title":{"rendered":"L&#8217;Alf\u00e0s del Pi abre el plazo para que sus taxistas obtengan el certificado de capacitaci\u00f3n profesional"},"content":{"rendered":"  <p>L&#8217;Alf\u00e0s del Pi<\/p>   <p>En l\u2019Alf\u00e0s del Pi se abre un plazo de diez h\u00e1biles para presentarse a las pruebas con las que conseguir el certificado de capacitaci\u00f3n profesional para ser taxista en la localidad.<\/p>   <p>Las bases se han publicado este lunes en el Bolet\u00edn Oficial de la Provincia (BOP) y las solicitudes <a href=\"https:\/\/cadenaser.com\/tag\/lalfas_del_pi\/a\/\" target=\"_blank\" rel=\"noopener\">se podr\u00e1n presentar en el registro f\u00edsico o la sede electr\u00f3nica del Ayuntamiento<\/a>. Sin el certificado, ha recordado el portavoz del gobierno local Toni Such, el taxista no podr\u00e1 circular por el t\u00e9rmino municipal.<\/p>   <p>\u00abEl objetivo es que todos los titulares conductores, as\u00ed como asalariados, puedan conseguir el certificado conforme dice el art\u00edculo ocho de la ley 13\/2027 del sector del taxi de la Comunitat Valenciana\u00bb, explica Such.<\/p>  <p><p>M\u00e1s informaci\u00f3n<\/p><figure><img decoding=\"async\" src=\"https:\/\/cadenaser.com\/resizer\/UkgeFJarDoRaJf9UcnSt5aBmiG0=\/650x366\/filters:quality(70)\/cloudfront-eu-central-1.images.arcpublishing.com\/prisaradio\/ITIBJZY57NG2NI7YHUF7UGNCBE.jpg\" loading=\"lazy\" width=\"828\" height=\"621\" \/><\/figure><ul><li><a href=\"https:\/\/cadenaser.com\/comunitat-valenciana\/2024\/01\/19\/cuatro-detenidos-en-la-nucia-y-callosa-den-sarria-por-una-veintena-de-robos-en-viviendas-y-trafico-de-drogas-radio-benidorm\/\">Cuatro detenidos en La Nuc\u00eda y Callosa d&#8217;En Sarri\u00e0 por una veintena de robos en viviendas y tr\u00e1fico de drogas<\/a><\/li><\/ul><\/p>   <p>Antes de presentar la solicitud, las personas aspirantes deber\u00e1n abonar la tasa por expedici\u00f3n de documentos administrativos, por un importe de 12 euros para poder acceder a la realizaci\u00f3n de la prueba y obtener el correspondiente certificado de capacitaci\u00f3n profesional.<\/p>   <p>Esa prueba consistir\u00e1 en un examen tipo test con 40 preguntas que versar\u00e1n sobre la Ley del taxi de la Comunitat Valenciana, el callejero, los lugares de inter\u00e9s, la atenci\u00f3n a viajeros o los conocimientos de valenciano.<\/p> ","protected":false},"excerpt":{"rendered":"<p>Certificado obligatorio para circular por el t\u00e9rmino municipal<\/p>\n","protected":false},"author":0,"featured_media":1606,"comment_status":"open","ping_status":"open","sticky":false,"template":"","format":"standard","meta":{"_acf_changed":false,"footnotes":""},"categories":[1],"tags":[],"class_list":["post-1605","post","type-post","status-publish","format-standard","has-post-thumbnail","hentry","category-sin-categoria"],"acf":{"ser_id":"OBETXYLFZNCEBBY5X77R3DGZTY","ser_url":"https:\/\/cadenaser.com\/comunitat-valenciana\/2024\/01\/22\/lalfas-del-pi-abre-el-plazo-para-que-los-taxistas-obtengan-el-certificado-de-capacitacion-profesional-radio-benidorm\/"},"_links":{"self":[{"href":"https:\/\/serbenidorm.daliisolutions.com\/index.php\/wp-json\/wp\/v2\/posts\/1605","targetHints":{"allow":["GET"]}}],"collection":[{"href":"https:\/\/serbenidorm.daliisolutions.com\/index.php\/wp-json\/wp\/v2\/posts"}],"about":[{"href":"https:\/\/serbenidorm.daliisolutions.com\/index.php\/wp-json\/wp\/v2\/types\/post"}],"replies":[{"embeddable":true,"href":"https:\/\/serbenidorm.daliisolutions.com\/index.php\/wp-json\/wp\/v2\/comments?post=1605"}],"version-history":[{"count":0,"href":"https:\/\/serbenidorm.daliisolutions.com\/index.php\/wp-json\/wp\/v2\/posts\/1605\/revisions"}],"wp:featuredmedia":[{"embeddable":true,"href":"https:\/\/serbenidorm.daliisolutions.com\/index.php\/wp-json\/wp\/v2\/media\/1606"}],"wp:attachment":[{"href":"https:\/\/serbenidorm.daliisolutions.com\/index.php\/wp-json\/wp\/v2\/media?parent=1605"}],"wp:term":[{"taxonomy":"category","embeddable":true,"href":"https:\/\/serbenidorm.daliisolutions.com\/index.php\/wp-json\/wp\/v2\/categories?post=1605"},{"taxonomy":"post_tag","embeddable":true,"href":"https:\/\/serbenidorm.daliisolutions.com\/index.php\/wp-json\/wp\/v2\/tags?post=1605"}],"curies":[{"name":"wp","href":"https:\/\/api.w.org\/{rel}","templated":true}]}}