{"id":16050,"date":"2025-06-18T11:20:51","date_gmt":"2025-06-18T09:20:51","guid":{"rendered":"https:\/\/serbenidorm.daliisolutions.com\/index.php\/2025\/06\/18\/la-playa-levante-de-benidorm-y-las-de-cala-mosca-y-cala-ferris-banderas-negras-2025\/"},"modified":"2025-06-18T11:20:51","modified_gmt":"2025-06-18T09:20:51","slug":"la-playa-levante-de-benidorm-y-las-de-cala-mosca-y-cala-ferris-banderas-negras-2025","status":"publish","type":"post","link":"https:\/\/serbenidorm.daliisolutions.com\/index.php\/2025\/06\/18\/la-playa-levante-de-benidorm-y-las-de-cala-mosca-y-cala-ferris-banderas-negras-2025\/","title":{"rendered":"La Playa Levante, de Benidorm, y las de Cala Mosca y Cala Ferris, banderas negras 2025"},"content":{"rendered":"  <p><div data-adtype=\"MLDB\"><\/div><\/p>   <p>Alicante<\/p>   <p>La provincia de Alicante se lleva dos de las seis banderas negras concedidas a la Comunitat Valenciana, que otorga Ecologistas en Acci\u00f3n en su informe anual \u2018<a href=\"https:\/\/www.google.com\/maps\/d\/u\/0\/viewer?mid=1a-gMdza-CEIJu7quRW9P7vMMC_D6o7A&amp;ll=36.302023848225474%2C-6.3191739999999985&amp;z=5\" target=\"_blank\" rel=\"nofollow\" title=\"https:\/\/www.google.com\/maps\/d\/u\/0\/viewer?mid=1a-gMdza-CEIJu7quRW9P7vMMC_D6o7A&amp;ll=36.302023848225474%2C-6.3191739999999985&amp;z=5\">Banderas negras<\/a>&#8216;, con el que saca a la luz los casos m\u00e1s significativos de contaminaci\u00f3n y mala gesti\u00f3n ambiental de las costas del Estado espa\u00f1ol.<\/p>   <p><p>M\u00e1s informaci\u00f3n<\/p><ul><li><a href=\"https:\/\/cadenaser.com\/comunitat-valenciana\/2025\/05\/07\/la-provincia-aumenta-el-numero-de-playas-con-banderas-azules-radio-alicante\/\"><span>La provincia de Alicante aumenta el n\u00famero de playas con banderas azules<\/span><\/a><\/li><li><a href=\"https:\/\/cadenaser.com\/comunitat-valenciana\/2025\/06\/17\/denia-iza-su-septima-bandera-azul-en-punta-negra-y-refuerza-su-compromiso-con-la-calidad-ambiental-radio-denia\/\"><span>D\u00e9nia iza su s\u00e9ptima bandera azul en Punta Negra y refuerza su compromiso con la calidad ambiental<\/span><\/a><\/li><\/ul><\/p>   <p>De hecho, contaminaci\u00f3n y mala gesti\u00f3n son los motivos de dicho distintivo a las playas Levante, de Benidorm, y a las de Cala Mosca y Cala Ferris, en Orihuela y Torrevieja, respectivamente.<\/p>   <p>La primera, por la llegada masiva de restos de vertidos de agua fecal no tratada desde el aliviadero de aguas residuales situado en pleno parque natural de Serra Gelada a las playas cercanas de Levante y rinc\u00f3n de Loix. Y las otras dos, por la ley de simplificaci\u00f3n recientemente aprobada, que amenaza la urbanizaci\u00f3n de estas calas.<\/p>   <p>La playa de Levante y la costa del Parque Natural de la Serra Gelada se han visto afectadas por vertidos de aguas fecales sin tratar. La falta de inversiones en infraestructuras y la presi\u00f3n tur\u00edstica y el urbanismo, ha conllevado a que la administraci\u00f3n justifique estos vertidos \u2018controlados\u2019 en el Parque Natural y playas cercanas para que no se sigan rompiendo estaciones depuradoras.<\/p>   <p>Por su parte, Cala Mosca y Cala Ferris, situadas en Orihuela y Torrevieja respectivamente, con una fuerte presi\u00f3n urban\u00edstica, han estado protegidas del cemento y el hormig\u00f3n hasta la fecha gracias a una v\u00eda pecuaria, en Cala Ferri, y a la vegetaci\u00f3n sensible y legislaci\u00f3n del PATIVEL, en cala Mosca.<\/p>   <p>Con la nueva Ley de Protecci\u00f3n y Ordenaci\u00f3n de la Costa promulgada por la Generalitat, estos espacios naturales, as\u00ed como muchos otros en toda la costa valenciana, se ver\u00e1n afectados por la legislaci\u00f3n. Entre otros aspectos, es una abertura hacia la especulaci\u00f3n del litoral y un paso atr\u00e1s en su protecci\u00f3n ya que se permite la construcci\u00f3n a 100 metros de la costa o la privatizaci\u00f3n y desprotecci\u00f3n del dominio p\u00fablico mar\u00edtimoterrestre.<\/p>   <p>Esto, en un informe con un total de 48 banderas negras, donde la nueva Ley de Protecci\u00f3n y Ordenaci\u00f3n de la costa, la sobreexplotaci\u00f3n tur\u00edstica y la DANA, han sido protagonistas de este 2025.<\/p> ","protected":false},"excerpt":{"rendered":"<p>El distintivo que otorga Ecologistas en Acci\u00f3n destaca los vertidos fecales sin tratar en la primera y los efectos de la nueva Ley de costas en las otras dos de Orihuela y Torrevieja<\/p>\n","protected":false},"author":0,"featured_media":16051,"comment_status":"open","ping_status":"open","sticky":false,"template":"","format":"standard","meta":{"_acf_changed":false,"footnotes":""},"categories":[1],"tags":[],"class_list":["post-16050","post","type-post","status-publish","format-standard","has-post-thumbnail","hentry","category-sin-categoria"],"acf":{"ser_id":"GYGMCEP6R5EERKFGB2U7LO5DKE","ser_url":"https:\/\/cadenaser.com\/comunitat-valenciana\/2025\/06\/17\/la-playa-levante-de-benidorm-y-las-de-cala-mosca-y-cala-ferris-banderas-negras-2025-radio-alicante\/"},"_links":{"self":[{"href":"https:\/\/serbenidorm.daliisolutions.com\/index.php\/wp-json\/wp\/v2\/posts\/16050","targetHints":{"allow":["GET"]}}],"collection":[{"href":"https:\/\/serbenidorm.daliisolutions.com\/index.php\/wp-json\/wp\/v2\/posts"}],"about":[{"href":"https:\/\/serbenidorm.daliisolutions.com\/index.php\/wp-json\/wp\/v2\/types\/post"}],"replies":[{"embeddable":true,"href":"https:\/\/serbenidorm.daliisolutions.com\/index.php\/wp-json\/wp\/v2\/comments?post=16050"}],"version-history":[{"count":0,"href":"https:\/\/serbenidorm.daliisolutions.com\/index.php\/wp-json\/wp\/v2\/posts\/16050\/revisions"}],"wp:featuredmedia":[{"embeddable":true,"href":"https:\/\/serbenidorm.daliisolutions.com\/index.php\/wp-json\/wp\/v2\/media\/16051"}],"wp:attachment":[{"href":"https:\/\/serbenidorm.daliisolutions.com\/index.php\/wp-json\/wp\/v2\/media?parent=16050"}],"wp:term":[{"taxonomy":"category","embeddable":true,"href":"https:\/\/serbenidorm.daliisolutions.com\/index.php\/wp-json\/wp\/v2\/categories?post=16050"},{"taxonomy":"post_tag","embeddable":true,"href":"https:\/\/serbenidorm.daliisolutions.com\/index.php\/wp-json\/wp\/v2\/tags?post=16050"}],"curies":[{"name":"wp","href":"https:\/\/api.w.org\/{rel}","templated":true}]}}