{"id":16054,"date":"2025-06-18T12:38:21","date_gmt":"2025-06-18T10:38:21","guid":{"rendered":"https:\/\/serbenidorm.daliisolutions.com\/index.php\/2025\/06\/18\/benidorm-supera-en-junio-las-ocupaciones-del-ano-pasado-y-las-previsiones-son-todavia-mejores\/"},"modified":"2025-06-18T12:38:21","modified_gmt":"2025-06-18T10:38:21","slug":"benidorm-supera-en-junio-las-ocupaciones-del-ano-pasado-y-las-previsiones-son-todavia-mejores","status":"publish","type":"post","link":"https:\/\/serbenidorm.daliisolutions.com\/index.php\/2025\/06\/18\/benidorm-supera-en-junio-las-ocupaciones-del-ano-pasado-y-las-previsiones-son-todavia-mejores\/","title":{"rendered":"Benidorm supera en junio las ocupaciones del a\u00f1o pasado y las previsiones son todav\u00eda mejores"},"content":{"rendered":"  <p><div data-adtype=\"MLDB\"><\/div><\/p>   <p>Benidorm<\/p>   <p>El turismo ha cerrado la primera quincena de junio con ocupaciones hoteleras por encima del 80% de media en los destinos de la Comunitat Valenciana. Unas cifras que, seg\u00fan la patronal hotelera Hosbec, confirman \u201cla buena salud del sector\u201d y en las que Benidorm est\u00e1 a la cabeza con los mejores resultados que rozan el 90%. <\/p>  <p><p>M\u00e1s informaci\u00f3n<\/p><figure><img decoding=\"async\" src=\"https:\/\/cadenaser.com\/resizer\/v2\/7QLTKEWA5JCJJEJYJY7KBGAD4M.jpg?auth=43630d3be81698ad6eb9584c31e25495d68e2bee71c4752d2d83255e326d90e3&amp;quality=70&amp;width=360&amp;height=202&amp;smart=true\" width=\"820\" height=\"621\" loading=\"lazy\" \/><\/figure><ul><li><a href=\"https:\/\/cadenaser.com\/comunitat-valenciana\/2025\/06\/17\/la-vila-joiosa-afronta-los-ultimos-tramites-para-la-construccion-de-un-nuevo-hotel-de-4-estrellas-en-la-playa-del-paraiso-radio-benidorm\/\"><span>La Vila Joiosa afronta los \u00faltimos tr\u00e1mites para la construcci\u00f3n de un nuevo hotel de 4 estrellas en la Playa del Para\u00edso<\/span><\/a><\/li><\/ul><\/p>   <p>Adem\u00e1s, la ocupaci\u00f3n se dispara si se atiende a las previsiones de la segunda quincena del mes con la fiesta de San Juan como \u201crevulsivo para cerrar un mes de alta ocupaci\u00f3n\u201d y que, en el caso del Alicante, con las fiestas de Hogueras, se sit\u00faa por encima del 95%. <\/p>   <p>Durante la primera mitad del mes Benidorm ha registrado una ocupaci\u00f3n hotelera del 89,5%, mejorando en tres puntos la ocupaci\u00f3n del 86,4% registrada en el mismo periodo del a\u00f1o pasado. Hosbec destaca de este destino \u201cla fortaleza de su planta hotelera que opera a pleno rendimiento\u201d y la fuerte presencia del mercado brit\u00e1nico que acapara el 49% de las pernoctaciones, frente a un 32,7% del turista nacional. Le siguen los turistas de Portugal (3,4%), Irlanda (3,5%), B\u00e9lgica (2,6%) y Pa\u00edses Bajos (2,4%).<\/p>   <p>Para la segunda mitad del mes, <a href=\"https:\/\/cadenaser.com\/tag\/benidorm\/a\/\" target=\"_blank\" rel=\"nofollow\" title=\"https:\/\/cadenaser.com\/tag\/benidorm\/a\/\">Benidorm tiene ya garantizadas reservas que llenan el 88,4% de sus camas aunque espera crecer a\u00fan m\u00e1s con las reservas de \u00faltima hora<\/a> gracias a la celebraci\u00f3n de San Juan. <\/p>   <p>Costa Blanca<\/p>   <p>En la Costa Blanca, la primera quincena ha supuesto un lleno en el 80,8% de las plazas hoteleras. Un comportamiento muy similar al del mismo periodo de 2024 cuando se alcanz\u00f3 una ocupaci\u00f3n del 80,2%. <\/p>   <p>Para la segunda quincena la Costa Blanca espera que se las reservas se disparen, sobre todo a \u00faltima hora, por el efecto de las celebraciones de San Juan y las fiestas de las Hogueras. En este caso es el mercado nacional, con un 44,7%, el predominante, seguido de brit\u00e1nicos (17,4%), belgas (5,3%), holandeses (4,5%) e irlandeses (4,1%).<\/p>   <p>San Juan en Alicante<\/p>   <p>As\u00ed, Hosbec estima que, especialmente en la ciudad de Alicante, los alojamientos hoteleros rozar\u00e1n el lleno t\u00e9cnico con picos de hasta el 95% el pr\u00f3ximo fin de semana y en torno al 90% durante los d\u00edas grandes de las fiestas. <\/p>   <p>En el sur de la provincial las cifras han sido m\u00e1s moderadas esta primera quincena (73,9%) aunque \u201cse mantiene la estabilidad gracias a la fidelidad del cliente nacional (51,8%) y a un goteo constante de turistas europeos\u201d. <\/p>   <p>Valencia<\/p>   <p>En la provincia de Valencia, la ocupaci\u00f3n ha superado el 85% en su primera mitad de mes, con Val\u00e8ncia ciudad consolid\u00e1ndose como destino urbano de referencia. La capital reduce poco a poco la distancia respecto a sus cifras previas a la DANA y se acerca a una recuperaci\u00f3n plena de su planta hotelera. Por su parte, la provincia de Castell\u00f3n mantiene una senda de crecimiento sostenido y afronta el inicio del verano con previsiones positivas y una cuota nacional que roza el 80%.<\/p> ","protected":false},"excerpt":{"rendered":"<p>Los hoteles rozan el 90 % de ocupaci\u00f3n<\/p>\n","protected":false},"author":0,"featured_media":16055,"comment_status":"open","ping_status":"open","sticky":false,"template":"","format":"standard","meta":{"_acf_changed":false,"footnotes":""},"categories":[1],"tags":[],"class_list":["post-16054","post","type-post","status-publish","format-standard","has-post-thumbnail","hentry","category-sin-categoria"],"acf":{"ser_id":"JUQ4S4N5NREFXGR6NACROQIKRQ","ser_url":"https:\/\/cadenaser.com\/comunitat-valenciana\/2025\/06\/18\/benidorm-supera-en-junio-las-ocupaciones-del-ano-pasado-y-las-previsiones-son-todavia-mejores-radio-benidorm\/"},"_links":{"self":[{"href":"https:\/\/serbenidorm.daliisolutions.com\/index.php\/wp-json\/wp\/v2\/posts\/16054","targetHints":{"allow":["GET"]}}],"collection":[{"href":"https:\/\/serbenidorm.daliisolutions.com\/index.php\/wp-json\/wp\/v2\/posts"}],"about":[{"href":"https:\/\/serbenidorm.daliisolutions.com\/index.php\/wp-json\/wp\/v2\/types\/post"}],"replies":[{"embeddable":true,"href":"https:\/\/serbenidorm.daliisolutions.com\/index.php\/wp-json\/wp\/v2\/comments?post=16054"}],"version-history":[{"count":0,"href":"https:\/\/serbenidorm.daliisolutions.com\/index.php\/wp-json\/wp\/v2\/posts\/16054\/revisions"}],"wp:featuredmedia":[{"embeddable":true,"href":"https:\/\/serbenidorm.daliisolutions.com\/index.php\/wp-json\/wp\/v2\/media\/16055"}],"wp:attachment":[{"href":"https:\/\/serbenidorm.daliisolutions.com\/index.php\/wp-json\/wp\/v2\/media?parent=16054"}],"wp:term":[{"taxonomy":"category","embeddable":true,"href":"https:\/\/serbenidorm.daliisolutions.com\/index.php\/wp-json\/wp\/v2\/categories?post=16054"},{"taxonomy":"post_tag","embeddable":true,"href":"https:\/\/serbenidorm.daliisolutions.com\/index.php\/wp-json\/wp\/v2\/tags?post=16054"}],"curies":[{"name":"wp","href":"https:\/\/api.w.org\/{rel}","templated":true}]}}