{"id":16059,"date":"2025-06-18T14:27:08","date_gmt":"2025-06-18T12:27:08","guid":{"rendered":"https:\/\/serbenidorm.daliisolutions.com\/index.php\/2025\/06\/18\/polop-inaugura-la-remodelacion-de-la-piscina-municipal-la-semana-que-viene\/"},"modified":"2025-06-18T14:27:08","modified_gmt":"2025-06-18T12:27:08","slug":"polop-inaugura-la-remodelacion-de-la-piscina-municipal-la-semana-que-viene","status":"publish","type":"post","link":"https:\/\/serbenidorm.daliisolutions.com\/index.php\/2025\/06\/18\/polop-inaugura-la-remodelacion-de-la-piscina-municipal-la-semana-que-viene\/","title":{"rendered":"Polop inaugura la remodelaci\u00f3n de la piscina municipal la semana que viene"},"content":{"rendered":"  <p><div data-adtype=\"MLDB\"><\/div><\/p>   <p>Polop de la Marina<\/p>   <p>El Ayuntamiento de Polop de la Marina tiene previsto abrir al p\u00fablico la piscina municipal para principios de la pr\u00f3xima semana tras acometer obras de renovaci\u00f3n integral en el recinto, con exteriores, vegetaci\u00f3n y c\u00e9sped artificial renovado, vestuarios nuevos y un gimnasio municipal.<\/p>   <p>As\u00ed lo ha adelantado en <a href=\"https:\/\/radiobenidorm.es\" target=\"_blank\" rel=\"nofollow\" title=\"https:\/\/radiobenidorm.es\">Hoy por Hoy Benidorm<\/a> el alcalde, Jos\u00e9 Lu\u00eds Susmozas, quien tambi\u00e9n ha explicado que el gimnasio ya esta \u201ccompletamente equipado\u201d y que el Consistorio est\u00e1 ultimando ahora el proceso de licitaci\u00f3n para que se haga cargo de su gesti\u00f3n una empresa externa. \u201cQueremos tenerlo licitado en un mes o mes y medio y que ya este verano pueda abrir al p\u00fablico o, como muy tarde en el mes de septiembre\u201d, ha indicado. <\/p>   <p>La remodelaci\u00f3n del entorno de la piscina y vestuarios ha supuesto una inversi\u00f3n de 450.000 euros de los que 300.000 los ha aportado la Diputaci\u00f3n Provincial de Alicante.<\/p>   <p>Para despu\u00e9s del verano el alcalde de Polop conf\u00eda en poder tener lista la licitaci\u00f3n \u201cde uno de los proyectos principales en materia de seguridad en el municipio\u201d. El nuevo ret\u00e9n de la Polic\u00eda Local se construir\u00e1 en la plaza del Carrer\u00f3 de la Pista, en un solar municipal catalogado como urbano situado tras el Ayuntamiento. <\/p>   <p>Susmozas afirma que el gobierno local quiere poder licitar la obra en septiembre para que los trabajos arranquen en octubre \u201cy poder tenerlo listo para el a\u00f1o que viene\u201d. El plazo de ejecuci\u00f3n es de 10 meses y el presupuesto de 500.000 euros de los que la Diputaci\u00f3n Provincial de Alicante sufraga el 75%.<\/p>   <p>Una obra que dotar\u00e1 al municipio de un ret\u00e9n de m\u00e1s de 300 m\u00b2 con sala de c\u00e1maras e instalaciones actuales. \u201cHasta ahora tenemos un espacio muy limitado y creemos que el nuevo reten nos permitir\u00e1 estar m\u00e1s c\u00f3modos y continuar con la mejora de la seguridad en el municipio como ya lo hemos venido haciendo con la instalaci\u00f3n de una veintena de c\u00e1maras\u201d, a\u00f1ade. <\/p>   <p>Susmozas tambi\u00e9n ha recordado que el Consistorio trabaja en otros proyectos importantes como la creaci\u00f3n de una tirolina entre Polop y La Nuc\u00eda, en colaboraci\u00f3n con este municipio, y que busca recibir fondos europeos, o las distintas fases de recuperaci\u00f3n del castillo. <\/p> ","protected":false},"excerpt":{"rendered":"<p>El alcalde espera tener adjudicado y abierto en verano el nuevo gimnasio municipal<\/p>\n","protected":false},"author":0,"featured_media":16060,"comment_status":"open","ping_status":"open","sticky":false,"template":"","format":"standard","meta":{"_acf_changed":false,"footnotes":""},"categories":[1],"tags":[],"class_list":["post-16059","post","type-post","status-publish","format-standard","has-post-thumbnail","hentry","category-sin-categoria"],"acf":{"ser_id":"4QH32XVNPJGQLNQMPTEDDNMBBI","ser_url":"https:\/\/cadenaser.com\/comunitat-valenciana\/2025\/06\/18\/polop-inaugura-la-remodelacion-de-la-piscina-municipal-la-semana-que-viene-radio-benidorm\/"},"_links":{"self":[{"href":"https:\/\/serbenidorm.daliisolutions.com\/index.php\/wp-json\/wp\/v2\/posts\/16059","targetHints":{"allow":["GET"]}}],"collection":[{"href":"https:\/\/serbenidorm.daliisolutions.com\/index.php\/wp-json\/wp\/v2\/posts"}],"about":[{"href":"https:\/\/serbenidorm.daliisolutions.com\/index.php\/wp-json\/wp\/v2\/types\/post"}],"replies":[{"embeddable":true,"href":"https:\/\/serbenidorm.daliisolutions.com\/index.php\/wp-json\/wp\/v2\/comments?post=16059"}],"version-history":[{"count":0,"href":"https:\/\/serbenidorm.daliisolutions.com\/index.php\/wp-json\/wp\/v2\/posts\/16059\/revisions"}],"wp:featuredmedia":[{"embeddable":true,"href":"https:\/\/serbenidorm.daliisolutions.com\/index.php\/wp-json\/wp\/v2\/media\/16060"}],"wp:attachment":[{"href":"https:\/\/serbenidorm.daliisolutions.com\/index.php\/wp-json\/wp\/v2\/media?parent=16059"}],"wp:term":[{"taxonomy":"category","embeddable":true,"href":"https:\/\/serbenidorm.daliisolutions.com\/index.php\/wp-json\/wp\/v2\/categories?post=16059"},{"taxonomy":"post_tag","embeddable":true,"href":"https:\/\/serbenidorm.daliisolutions.com\/index.php\/wp-json\/wp\/v2\/tags?post=16059"}],"curies":[{"name":"wp","href":"https:\/\/api.w.org\/{rel}","templated":true}]}}