{"id":1607,"date":"2024-01-22T15:56:07","date_gmt":"2024-01-22T14:56:07","guid":{"rendered":"https:\/\/serbenidorm.daliisolutions.com\/index.php\/2024\/01\/22\/van-aert-renace-en-el-duelo-a-muerte-bajo-el-sol-de-benidorm\/"},"modified":"2024-01-22T15:56:07","modified_gmt":"2024-01-22T14:56:07","slug":"van-aert-renace-en-el-duelo-a-muerte-bajo-el-sol-de-benidorm","status":"publish","type":"post","link":"https:\/\/serbenidorm.daliisolutions.com\/index.php\/2024\/01\/22\/van-aert-renace-en-el-duelo-a-muerte-bajo-el-sol-de-benidorm\/","title":{"rendered":"Van Aert renace en el duelo a muerte bajo el sol de Benidorm"},"content":{"rendered":"  <p>Benidorm<\/p>   <p>Sergio Leone era el rey de la dilataci\u00f3n. Por ello, y por la siempre genial aportaci\u00f3n musical de Ennio Morricone, sus largu\u00edsimas secuencias de duelos de rudos pistoleros del oeste americano han pasado a la historia del cine. De entre ellos, quiz\u00e1s, el m\u00e1s recordado ser\u00e1 siempre el que mantuvieron el hombre sin nombre (Clint Eastwood), el coronel Douglas Mortimer (Lee Van Cleef) y \u2018El indio\u2019 (Gian Maria Volont\u00e9) en \u2018La muerte ten\u00eda un precio\u2019.<\/p>   <p>Seguramente, ni el propio Sergio Leone habr\u00eda podido so\u00f1ar con rodar un duelo como el que este domingo protagonizaron en Benidorm los tres pistoleros m\u00e1s buscados de ese salvaje oeste ciclista que es el ciclocross: Mathieu van der Poel, Wout Van Aert y Tom Pidcock. Los tres, rodeados de extras a los que no les falt\u00f3 protagonismo, hicieron, como en aquella m\u00edtica escena rodada en Almer\u00eda, que el reloj se detuviera de tres a cuatro de la tarde bajo el tibio sol invernal mediterr\u00e1neo.<\/p>   <p>M\u00e1s de 16.000 almas se congregaron en los parques de El Moralet y Foietes para asistir al \u00faltimo enfrentamiento de la temporada entre las tres bestias. El que m\u00e1s y el que menos, ten\u00eda claro que Van der Poel, tan elegante con su blanco impoluto cruzado por el arco\u00edris de campe\u00f3n del mundo, estaba llamado a hacerle otra muesca, la und\u00e9cima, a su revolver. Otros, los menos, confiaban en que las tres semanas de descanso activo que hab\u00eda encadenado Van Aert, el belga irreductible, le hubieran dado el \u2018punch\u2019 suficiente como para plantarle cara y repetir la pelea vivida doce meses antes. Y luego estaba \u00e9l, el brit\u00e1nico con cara de ni\u00f1o \u2013con los ojos y la nariz amoratados tras un accidente, seguramente embarazoso, del que entre risas no quiso dar muchos detalles\u2013. Pidcock, el tercero en discordia, que este a\u00f1o, como ha venido sucediendo todo el invierno, compareci\u00f3, pero no convenci\u00f3.<\/p>   <p>A la fiesta de dos se uni\u00f3 Michael Vanthourenhout, campe\u00f3n de Europa y un tipo que el s\u00e1bado hab\u00eda corrido sobre la nieve y con temperaturas bajo cero en B\u00e9lgica. Un corredor que se hab\u00eda levantado a las cuatro de la ma\u00f1ana para subirse al avi\u00f3n, viajar a Benidorm y dar la campanada.<\/p>   <p>La locura se desat\u00f3 cuando el reloj marc\u00f3 las 15:10 exactas. Pistoletazo de salida y todos, los 43 mejores especialistas del mundo, se zambulleron como un cohete en el parque de Foietes, con sus curvas imposibles y sus continuos cambios de superficie. Ahora hierba, ahora, un poco de barro (cosas de la lluvia del s\u00e1bado); despu\u00e9s, algo de asfalto; m\u00e1s tarde, gravilla y, para terminar, un tramito de escaleras.<\/p>   <p>De ah\u00ed, al Moralet. La zona boscosa. El bosque encantado. All\u00e1 donde cada aceler\u00f3n, cada movimiento, cada acci\u00f3n de los Van Aert y Van der Poel, acompa\u00f1ados en cada momento de la carrera por alg\u00fan invitado distinto, se celebraba con esos rugidos que aqu\u00ed, en Espa\u00f1a, tan lejos de las campas belgas donde el ciclocross es religi\u00f3n, se acompa\u00f1aba de un rugido que hasta la llegada de la Copa del Mundo de Benidorm-Costa Blanca parec\u00eda cosa exclusiva de los estadios de f\u00fatbol.<\/p>   <p>Pasaban las vueltas y se hab\u00edan completado ya ocho de los nueve giros al circuito de tres kil\u00f3metros que volvi\u00f3 a deparar una de las mejores pruebas de toda la temporada. Y Van der Poel atacaba en la subida m\u00e1s dura del trazado. Y Van Aert respond\u00eda en las zonas m\u00e1s t\u00e9cnicas. Y Pidcock se daba el gusto de acelerar hacia la nada. Y Vanthourenthout, el madrugador, se soldaba a la rueda de unos y otros.<\/p>   <p>Y de repente todo el circuito, pendientes de las pantallas gigantes sus 16.000 almas, lanz\u00f3 un grito que se pudo escuchar sin problemas en Hoogerheide, patria chica del campe\u00f3n del mundo, cuando sus 1,84 metros de altura enjutados en un cuerpo de 75 kilos, se desparramaron por el suelo a la salida del arenero.<\/p>   <p>Lo vio Van Aert, que entendi\u00f3 que era ahora o nunca. Aceler\u00f3 en la subida, como si esa rampa fuera el Mont Ventoux en aquella doble ascensi\u00f3n local del Tour. Revent\u00f3 a Vanthourenhout y se march\u00f3 hacia la meta en solitario. Lleg\u00f3 a los tablones, siempre tan tramposos ellos, y se baj\u00f3 de la bici. Para qu\u00e9 saltarlos si ya se trataba s\u00f3lo de amarrar la victoria. Y la pierna derecha que, por lo que sea, no salva la altura del sill\u00edn. Y la bici que se cae hacia la derecha. Y \u00e9l, que no suelta el manillar, que se va detr\u00e1s. De repente, 1,90 de trot\u00f3n belga, 78 kilos de peso, desparramados por el suelo. Y un grito, otro m\u00e1s, que hizo el viaje de ida y vuelta desde Benidorm hasta Herentals. Y Vanthourenthout, derrotado, que ve el cielo abierto y acelera. Pero Van Aert es, adem\u00e1s de uno de los corredores m\u00e1s completos del pelot\u00f3n internacional, el m\u00e1s cabez\u00f3n de todos.<\/p>   <p>Le dol\u00eda la mu\u00f1eca, pero ante la gloria no se siente el dolor y en la meta, como si nada hubiera sucedido, se levant\u00f3 sobre sus pedales, brazos en alto, para celebrar no s\u00f3lo su tercer (y \u00faltimo) triunfo invernal, sino, sobre todo, el primero (y \u00faltimo) sobre su n\u00e9mesis Van der Poel, que herido m\u00e1s en su orgullo que en el cuerpo, hubo de conformarse con la quinta plaza superado por Vanthourenthout, segundo y Thiabau Nys, tercero. Adem\u00e1s, Eli Iserbyt, cuarto, dio un nuevo paso, casi definitivo, para asegurarse la victoria final en la Copa del Mundo.<\/p>   <p><b>Felipe Orts en la carrera de su vida<\/b><\/p>  <p><figure><img decoding=\"async\" src=\"https:\/\/cadenaser.com\/resizer\/WrbK8tQBlHO-4EjhKOQade_DIoQ=\/650x488\/filters:quality(70)\/cloudfront-eu-central-1.images.arcpublishing.com\/prisaradio\/3EA34RTHDZARFJCAVFV6BGZV2Q.jpeg\" loading=\"lazy\" width=\"650\" height=\"488\" \/><figcaption class=\"fc\"><p><span>Felipe Orts, feliz, en la l\u00ednea de meta | \u00a9 Rafa G\u00f3mez<\/span><\/p><\/figcaption><\/figure><button>Ampliar<\/button><\/p>   <p>Y mientras todo esto suced\u00eda, el vilero Felipe Orts, volvi\u00f3 a demostrar porqu\u00e9 merece ser considerado el mejor especialista invernal de todos los tiempos. Corri\u00f3 inteligente, como siempre o, incluso, un poco m\u00e1s. Se sold\u00f3 al grupo que persegu\u00eda a los l\u00edderes. El peque\u00f1o pelot\u00f3n del que iba a acabar saliendo el tercer puesto del podio. Y aguant\u00f3 como un tit\u00e1n los acelerones endiablados en la subida maldita. Y flotaba, excelso, sobre los obst\u00e1culos y trampas del circuito. Y guardaba fuerzas, asegurando el top10 y so\u00f1ando con un top5.<\/p>   <p>Al final, lo intent\u00f3. Demarr\u00f3. A ver si nadie se atrev\u00eda a seguirle. Pero eso era mucho esperar. Aqu\u00ed, en el bosque de El Moralet, no hay tregua. Se le soldaron a rueda. A ese espa\u00f1olito que ya ha pisado podios m\u00edticos no se le puede dejar pasar ni media.<\/p>   <p>Al final, octavo, un puesto mejor que en 2023. En la carrera de su vida. \u201cMis compa\u00f1eros de grupo me dec\u00edan que se estaban quedando sordos de tanto escuchar \u2018vamos Felipe\u2019\u201d, dec\u00eda, con un muy mal disimulado punto de emoci\u00f3n en la voz y los ojos, en su caravana tras el final de la batalla.<\/p>   <p>Fuera, al otro lado de la valla, decenas de vileros ataviados con su uniforme oficial de pelucas y camisetas rojas, no pod\u00edan aguantar m\u00e1s y como si del \u2018salto de la verja\u2019 en El Roc\u00edo, arrebataron al ciclista de los micr\u00f3fonos de los medios y se fueron al cielo con \u00e9l, mante\u00e1ndolo. Y \u00e9l, feliz y orgulloso, se dej\u00f3 hacer. Llegaba el momento de celebrar en casa con los suyos la que ha sido su mejor temporada de siempre. La carrera de su vida. Una concesi\u00f3n a la vida dentro de la existencia monacal del ciclista antes de volver a concentrarse, ya por \u00faltima vez en este invierno, para redondearlo todo en el mundial de T\u00e1bor. Pero eso ya ser\u00e1 dentro de dos semanas.<\/p> ","protected":false},"excerpt":{"rendered":"<p>El vilero Felipe Orts hace la carrera de su vida en El Moralet y Foietes con una octava plaza para la historia<\/p>\n","protected":false},"author":0,"featured_media":1608,"comment_status":"open","ping_status":"open","sticky":false,"template":"","format":"standard","meta":{"_acf_changed":false,"footnotes":""},"categories":[16],"tags":[],"class_list":["post-1607","post","type-post","status-publish","format-standard","has-post-thumbnail","hentry","category-deportes"],"acf":{"ser_id":"VLX56MUCGJCAXPWSGLVKXMFLLY","ser_url":"https:\/\/cadenaser.com\/comunitat-valenciana\/2024\/01\/22\/van-aert-renace-en-el-duelo-a-muerte-bajo-el-sol-de-benidorm-radio-benidorm\/"},"_links":{"self":[{"href":"https:\/\/serbenidorm.daliisolutions.com\/index.php\/wp-json\/wp\/v2\/posts\/1607","targetHints":{"allow":["GET"]}}],"collection":[{"href":"https:\/\/serbenidorm.daliisolutions.com\/index.php\/wp-json\/wp\/v2\/posts"}],"about":[{"href":"https:\/\/serbenidorm.daliisolutions.com\/index.php\/wp-json\/wp\/v2\/types\/post"}],"replies":[{"embeddable":true,"href":"https:\/\/serbenidorm.daliisolutions.com\/index.php\/wp-json\/wp\/v2\/comments?post=1607"}],"version-history":[{"count":0,"href":"https:\/\/serbenidorm.daliisolutions.com\/index.php\/wp-json\/wp\/v2\/posts\/1607\/revisions"}],"wp:featuredmedia":[{"embeddable":true,"href":"https:\/\/serbenidorm.daliisolutions.com\/index.php\/wp-json\/wp\/v2\/media\/1608"}],"wp:attachment":[{"href":"https:\/\/serbenidorm.daliisolutions.com\/index.php\/wp-json\/wp\/v2\/media?parent=1607"}],"wp:term":[{"taxonomy":"category","embeddable":true,"href":"https:\/\/serbenidorm.daliisolutions.com\/index.php\/wp-json\/wp\/v2\/categories?post=1607"},{"taxonomy":"post_tag","embeddable":true,"href":"https:\/\/serbenidorm.daliisolutions.com\/index.php\/wp-json\/wp\/v2\/tags?post=1607"}],"curies":[{"name":"wp","href":"https:\/\/api.w.org\/{rel}","templated":true}]}}