{"id":16086,"date":"2025-06-19T14:39:58","date_gmt":"2025-06-19T12:39:58","guid":{"rendered":"https:\/\/serbenidorm.daliisolutions.com\/index.php\/2025\/06\/19\/five-guys-abre-sus-puertas-en-benidorm-con-todo-su-sabor-y-energia\/"},"modified":"2025-06-19T14:39:58","modified_gmt":"2025-06-19T12:39:58","slug":"five-guys-abre-sus-puertas-en-benidorm-con-todo-su-sabor-y-energia","status":"publish","type":"post","link":"https:\/\/serbenidorm.daliisolutions.com\/index.php\/2025\/06\/19\/five-guys-abre-sus-puertas-en-benidorm-con-todo-su-sabor-y-energia\/","title":{"rendered":"Five Guys abre sus puertas en Benidorm con todo su sabor y energ\u00eda"},"content":{"rendered":"  <p><div data-adtype=\"MLDB\"><\/div><\/p>   <p>Benidorm<\/p>   <p>Hoy ha tenido lugar la esperada inauguraci\u00f3n del nuevo restaurante Five Guys Benidorm, un espectacular espacio que ya est\u00e1 dando que hablar en la ciudad. Con su inconfundible fachada roja, terraza exterior y una capacidad para m\u00e1s de 110 personas, este nuevo local promete convertirse en un punto de referencia para los amantes de las hamburguesas aut\u00e9nticas y el estilo americano m\u00e1s vibrante.<\/p>   <p>La inauguraci\u00f3n ha contado con la presencia de Daniel Agromayor, director general de Five Guys Espa\u00f1a y Portugal, quien ha compartido con nosotros los valores de la marca, la filosof\u00eda de su equipo y lo que hace de Five Guys una experiencia \u00fanica: calidad, cercan\u00eda\u2026 y mucho rock &amp; roll.<\/p>   <p>Desde <a href=\"https:\/\/cadenaser.com\/tag\/benidorm\/a\/\" target=\"_blank\" rel=\"nofollow\" title=\"https:\/\/cadenaser.com\/tag\/benidorm\/a\/\">Radio Benidorm<\/a> hemos estado presentes en esta gran apertura, que ha reunido a numerosos curiosos y fans de la marca, deseosos de probar sus ic\u00f3nicas burgers, patatas reci\u00e9n cortadas y batidos irresistibles.<\/p>   <p>\u00a1No te lo pierdas! Ven a conocer el nuevo Five Guys Benidorm y d\u00e9jate llevar por su energ\u00eda, su sabor\u2026 y su estilo inconfundible.<\/p> ","protected":false},"excerpt":{"rendered":"<p>La ic\u00f3nica cadena americana de burgers &amp; fries llega a Benidorm por todo lo alto<\/p>\n","protected":false},"author":0,"featured_media":16087,"comment_status":"open","ping_status":"open","sticky":false,"template":"","format":"standard","meta":{"_acf_changed":false,"footnotes":""},"categories":[1],"tags":[],"class_list":["post-16086","post","type-post","status-publish","format-standard","has-post-thumbnail","hentry","category-sin-categoria"],"acf":{"ser_id":"563EQXE5NJGIRJ5UNO3NV7UEQM","ser_url":"https:\/\/cadenaser.com\/comunitat-valenciana\/2025\/06\/19\/five-guys-abre-sus-puertas-en-benidorm-con-todo-su-sabor-y-energia-radio-benidorm\/"},"_links":{"self":[{"href":"https:\/\/serbenidorm.daliisolutions.com\/index.php\/wp-json\/wp\/v2\/posts\/16086","targetHints":{"allow":["GET"]}}],"collection":[{"href":"https:\/\/serbenidorm.daliisolutions.com\/index.php\/wp-json\/wp\/v2\/posts"}],"about":[{"href":"https:\/\/serbenidorm.daliisolutions.com\/index.php\/wp-json\/wp\/v2\/types\/post"}],"replies":[{"embeddable":true,"href":"https:\/\/serbenidorm.daliisolutions.com\/index.php\/wp-json\/wp\/v2\/comments?post=16086"}],"version-history":[{"count":0,"href":"https:\/\/serbenidorm.daliisolutions.com\/index.php\/wp-json\/wp\/v2\/posts\/16086\/revisions"}],"wp:featuredmedia":[{"embeddable":true,"href":"https:\/\/serbenidorm.daliisolutions.com\/index.php\/wp-json\/wp\/v2\/media\/16087"}],"wp:attachment":[{"href":"https:\/\/serbenidorm.daliisolutions.com\/index.php\/wp-json\/wp\/v2\/media?parent=16086"}],"wp:term":[{"taxonomy":"category","embeddable":true,"href":"https:\/\/serbenidorm.daliisolutions.com\/index.php\/wp-json\/wp\/v2\/categories?post=16086"},{"taxonomy":"post_tag","embeddable":true,"href":"https:\/\/serbenidorm.daliisolutions.com\/index.php\/wp-json\/wp\/v2\/tags?post=16086"}],"curies":[{"name":"wp","href":"https:\/\/api.w.org\/{rel}","templated":true}]}}