{"id":16088,"date":"2025-06-19T15:09:20","date_gmt":"2025-06-19T13:09:20","guid":{"rendered":"https:\/\/serbenidorm.daliisolutions.com\/index.php\/2025\/06\/19\/altea-pospone-a-octubre-el-inicio-de-los-trabajos-de-pont-de-moncau-para-evitar-dos-veranos-en-obras\/"},"modified":"2025-06-19T15:09:20","modified_gmt":"2025-06-19T13:09:20","slug":"altea-pospone-a-octubre-el-inicio-de-los-trabajos-de-pont-de-moncau-para-evitar-dos-veranos-en-obras","status":"publish","type":"post","link":"https:\/\/serbenidorm.daliisolutions.com\/index.php\/2025\/06\/19\/altea-pospone-a-octubre-el-inicio-de-los-trabajos-de-pont-de-moncau-para-evitar-dos-veranos-en-obras\/","title":{"rendered":"Altea pospone a octubre el inicio de los trabajos de Pont de Moncau para evitar dos veranos en obras"},"content":{"rendered":"  <p><div data-adtype=\"MLDB\"><\/div><\/p>   <p>Altea<\/p>   <p>El Ayuntamiento de Altea ha decidido retrasar al mes de octubre el proyecto de remodelaci\u00f3n de la zona de Pont de Mocau para evitar que las obras abarquen dos temporadas altas tur\u00edsticas. En <a href=\"https:\/\/radiobenidorm.es\" target=\"_blank\" rel=\"nofollow\" title=\"https:\/\/radiobenidorm.es\">Hoy por Hoy Benidorm<\/a>, el alcalde, Diego Zaragoz\u00ed, ha explicado que \u201cpodr\u00edamos empezar los trabajos este verano pero, como el plazo de ejecuci\u00f3n es de un a\u00f1o, ya afectar\u00e1n al verano del a\u00f1o que viene y no quer\u00edamos que la zona estuviera en obras durante dos temporadas estivales\u201d. <\/p>   <p>Se trata de un proyecto de remodelaci\u00f3n integral de una zona con aceras estrechas y desniveles que \u201chacen que no cumpla con los criterios de accesibilidad que queremos. Ni las personas con movilidad reducida ni los carritos de bebes pueden utilizar la acera y terminan circulando por la calzada, adem\u00e1s es una zona de cuesta que hace m\u00e1s dif\u00edcil el tr\u00e1nsito peatonal\u201d, explica Zaragoz\u00ed. <\/p>   <p>La remodelaci\u00f3n de la zona supondr\u00e1 una inversi\u00f3n de 2 millones de euros de los que 700.000 euros los aporta la Diputaci\u00f3n Provincial de Alicante. Adem\u00e1s de remodelar las aceras ampliando su anchura y dot\u00e1ndolas de todos los rebajes necesarios para adaptarlas a criterios de accesibilidad universal, el proyecto contempla tambi\u00e9n nivelar la zona, en la medida de lo posible, para evitar que los tramos de cuesta sean tan pronunciados y dotar a la calle de vegetaci\u00f3n y arbolado del que carec\u00eda hasta la fecha. <\/p>   <p>Zaragoz\u00ed tambi\u00e9n ha destacado los trabajos ahora en marcha en la localidad como las obras en la zona del rio Algar, con un presupuesto de m\u00e1s de 1 mill\u00f3n de euros y ayudas europeas, \u201cdonde plantaremos m\u00e1s de 8.000 ejemplares de especies aut\u00f3ctonas y hemos eliminado ya las invasoras\u201d, el Plan de Barrios, valorado en 5 millones de euros parte de los cuales proceden de Europa y que har\u00e1 accesibles edificios que ahora no cumplen con esos criterios o las obras ya finalizadas en la Avenida Comunitat Valenciana. <\/p>   <p>En lo que respecta a la temporada estival el alcalde augura ocupaciones en torno al 95% en hoteles de la localidad y en segundas residencias \u201cla ocupaci\u00f3n tambi\u00e9n es muy elevada porque tenemos muchos residentes europeos de larga estancia que en verano vuelven a sus pa\u00edses de origen pero que esas viviendas son ocupadas por sus hijos en temporada alta\u201d, a\u00f1ade.<\/p> ","protected":false},"excerpt":{"rendered":"<p>El alcalde, Diego Zaragoz\u00ed, augura ocupaciones hoteleras del 95% para este verano<\/p>\n","protected":false},"author":0,"featured_media":16089,"comment_status":"open","ping_status":"open","sticky":false,"template":"","format":"standard","meta":{"_acf_changed":false,"footnotes":""},"categories":[1],"tags":[],"class_list":["post-16088","post","type-post","status-publish","format-standard","has-post-thumbnail","hentry","category-sin-categoria"],"acf":{"ser_id":"T5WGUWRDONEMLFQSZ53GDBBFKE","ser_url":"https:\/\/cadenaser.com\/comunitat-valenciana\/2025\/06\/19\/altea-pospone-a-octubre-el-inicio-de-los-trabajos-de-pont-de-moncau-para-evitar-dos-veranos-en-obras-radio-benidorm\/"},"_links":{"self":[{"href":"https:\/\/serbenidorm.daliisolutions.com\/index.php\/wp-json\/wp\/v2\/posts\/16088","targetHints":{"allow":["GET"]}}],"collection":[{"href":"https:\/\/serbenidorm.daliisolutions.com\/index.php\/wp-json\/wp\/v2\/posts"}],"about":[{"href":"https:\/\/serbenidorm.daliisolutions.com\/index.php\/wp-json\/wp\/v2\/types\/post"}],"replies":[{"embeddable":true,"href":"https:\/\/serbenidorm.daliisolutions.com\/index.php\/wp-json\/wp\/v2\/comments?post=16088"}],"version-history":[{"count":0,"href":"https:\/\/serbenidorm.daliisolutions.com\/index.php\/wp-json\/wp\/v2\/posts\/16088\/revisions"}],"wp:featuredmedia":[{"embeddable":true,"href":"https:\/\/serbenidorm.daliisolutions.com\/index.php\/wp-json\/wp\/v2\/media\/16089"}],"wp:attachment":[{"href":"https:\/\/serbenidorm.daliisolutions.com\/index.php\/wp-json\/wp\/v2\/media?parent=16088"}],"wp:term":[{"taxonomy":"category","embeddable":true,"href":"https:\/\/serbenidorm.daliisolutions.com\/index.php\/wp-json\/wp\/v2\/categories?post=16088"},{"taxonomy":"post_tag","embeddable":true,"href":"https:\/\/serbenidorm.daliisolutions.com\/index.php\/wp-json\/wp\/v2\/tags?post=16088"}],"curies":[{"name":"wp","href":"https:\/\/api.w.org\/{rel}","templated":true}]}}