{"id":16123,"date":"2025-06-20T14:08:30","date_gmt":"2025-06-20T12:08:30","guid":{"rendered":"https:\/\/serbenidorm.daliisolutions.com\/index.php\/2025\/06\/20\/el-sol-volvera-a-colarse-este-sabado-por-el-tajo-de-roldan-del-puig-campana\/"},"modified":"2025-06-20T14:08:30","modified_gmt":"2025-06-20T12:08:30","slug":"el-sol-volvera-a-colarse-este-sabado-por-el-tajo-de-roldan-del-puig-campana","status":"publish","type":"post","link":"https:\/\/serbenidorm.daliisolutions.com\/index.php\/2025\/06\/20\/el-sol-volvera-a-colarse-este-sabado-por-el-tajo-de-roldan-del-puig-campana\/","title":{"rendered":"El sol volver\u00e1 a colarse este s\u00e1bado por el &#8216;Tajo de Rold\u00e1n&#8217; del Puig Campana"},"content":{"rendered":"  <p><div data-adtype=\"MLDB\"><\/div><\/p>   <p>Benidorm<\/p>   <p>El solsticio de verano congregar\u00e1 en la tarde noche del pr\u00f3ximo s\u00e1bado a centenares de vecinos y visitantes curiosos que, como cada a\u00f1o, no querr\u00e1n perderse un espect\u00e1culo natural que solo acontece una vez al a\u00f1o, el paso del sol atravesando el Portell del Puig Campana para anunciar la noche m\u00e1s corta del a\u00f1o.<\/p>   <p>Cada a\u00f1o el 21 de junio muchas personas se dan cita en la Partida dels Marxassos, frente al cementerio de Sant Jaume, para presenciar un evento que cada a\u00f1o re\u00fane a m\u00e1s curiosos como nos han contado <a href=\"https:\/\/cadenaser.com\/tag\/benidorm\/a\/\" target=\"_blank\" rel=\"nofollow\" title=\"https:\/\/cadenaser.com\/tag\/benidorm\/a\/\">Agust\u00ed Galiana y Quico Such de AEMABA en Hoy por Hoy Benidorm<\/a>.<\/p>   <p>Llegado el momento, el sol no faltar\u00e1 a su cita. La previsi\u00f3n es que se ponga a las 21:28 horas, aunque para entonces se espera la presencia de algunas nubes que no deber\u00edan impedir el espect\u00e1culo. <\/p>   <p>Desde el Ayuntamiento, no obstante, se recomienda a todo aquel que quiera asistir que lo hagan protegidos por cristales opacados, radiograf\u00edas o cualquier otro elemento que evite da\u00f1os en la visi\u00f3n por mirar directamente al sol en el momento en el que se esconda por el Tajo de Rold\u00e1n de la cima m\u00e1s alta de la Marina Baixa.<\/p> ","protected":false},"excerpt":{"rendered":"<p>Vecinos y visitantes podr\u00e1n disfrutar por la tarde en la Partida dels Marxassos de un fen\u00f3meno \u00fanico<\/p>\n","protected":false},"author":0,"featured_media":16124,"comment_status":"open","ping_status":"open","sticky":false,"template":"","format":"standard","meta":{"_acf_changed":false,"footnotes":""},"categories":[1],"tags":[],"class_list":["post-16123","post","type-post","status-publish","format-standard","has-post-thumbnail","hentry","category-sin-categoria"],"acf":{"ser_id":"I3WQDLC2KRD6LOP5Z3NWI5JZPE","ser_url":"https:\/\/cadenaser.com\/comunitat-valenciana\/2025\/06\/20\/el-sol-volvera-a-colarse-este-sabado-por-el-tajo-de-roldan-del-puig-campana-radio-benidorm\/"},"_links":{"self":[{"href":"https:\/\/serbenidorm.daliisolutions.com\/index.php\/wp-json\/wp\/v2\/posts\/16123","targetHints":{"allow":["GET"]}}],"collection":[{"href":"https:\/\/serbenidorm.daliisolutions.com\/index.php\/wp-json\/wp\/v2\/posts"}],"about":[{"href":"https:\/\/serbenidorm.daliisolutions.com\/index.php\/wp-json\/wp\/v2\/types\/post"}],"replies":[{"embeddable":true,"href":"https:\/\/serbenidorm.daliisolutions.com\/index.php\/wp-json\/wp\/v2\/comments?post=16123"}],"version-history":[{"count":0,"href":"https:\/\/serbenidorm.daliisolutions.com\/index.php\/wp-json\/wp\/v2\/posts\/16123\/revisions"}],"wp:featuredmedia":[{"embeddable":true,"href":"https:\/\/serbenidorm.daliisolutions.com\/index.php\/wp-json\/wp\/v2\/media\/16124"}],"wp:attachment":[{"href":"https:\/\/serbenidorm.daliisolutions.com\/index.php\/wp-json\/wp\/v2\/media?parent=16123"}],"wp:term":[{"taxonomy":"category","embeddable":true,"href":"https:\/\/serbenidorm.daliisolutions.com\/index.php\/wp-json\/wp\/v2\/categories?post=16123"},{"taxonomy":"post_tag","embeddable":true,"href":"https:\/\/serbenidorm.daliisolutions.com\/index.php\/wp-json\/wp\/v2\/tags?post=16123"}],"curies":[{"name":"wp","href":"https:\/\/api.w.org\/{rel}","templated":true}]}}