{"id":16138,"date":"2025-06-20T19:53:20","date_gmt":"2025-06-20T17:53:20","guid":{"rendered":"https:\/\/serbenidorm.daliisolutions.com\/index.php\/2025\/06\/20\/las-calas-de-benidorm-y-finestrat-celebran-san-juan\/"},"modified":"2025-06-20T19:53:20","modified_gmt":"2025-06-20T17:53:20","slug":"las-calas-de-benidorm-y-finestrat-celebran-san-juan","status":"publish","type":"post","link":"https:\/\/serbenidorm.daliisolutions.com\/index.php\/2025\/06\/20\/las-calas-de-benidorm-y-finestrat-celebran-san-juan\/","title":{"rendered":"Las Calas de Benidorm y Finestrat celebran San Juan"},"content":{"rendered":"  <p><div data-adtype=\"MLDB\"><\/div><\/p>   <p>Benidorm<\/p>   <p>Las Calas de Benidorm y Finestrat son dos de los puntos de la Marina Baixa donde se viven con m\u00e1s intensidad las tradiciones que rodean a la celebraci\u00f3n de San Juan.<\/p>   <p>En la de Benidorm su Hoguera, la \u00fanica que queda en la capital tur\u00edstica, cumple 45 a\u00f1os. Entre sus actos m\u00e1s destacados la recogida, este viernes, de las Bellezas por las calles de La Cala; la fiesta del agua, el desfile informal y la elecci\u00f3n del Bellezo del Foc del domingo; la ofrenda floral a San Juan y el salto de olas en la playa del s\u00e1bado; o la misa, masclet\u00e0 y crem\u00e0 final del domingo.<\/p>   <p>Sus dos monumentos, como nos ha contado el <a href=\"https:\/\/cadenaser.com\/tag\/benidorm\/a\/\" target=\"_blank\" rel=\"nofollow\" title=\"https:\/\/cadenaser.com\/tag\/benidorm\/a\/\">presidente de la Hoguera de la Cala, Pedro Castro, en La Ventana de la Marina Baixa<\/a>, consisten en el caso del adulto en un castillo encantado \u00abque rinde homenaje a los sue\u00f1os que nunca debemos abandonar\u00bb y en el caso del infantil en \u00abun dulce homenaje al amor por los animales y la importancia de cuidarlos con responsabilidad\u00bb.<\/p>   <p>En la Cala de Finestrat la Comisi\u00f3n de Fiestas El Balconet tambi\u00e9n ha preparado un completo programa centrado en el lunes 23 que nos ha detallado Alejandra Sirvent: <\/p>   <p><li>16:00h. Arranca evento con m\u00fasica veraniega.<\/li><li>16:30h. M\u00e1ster Class de YOGA (para todos los p\u00fablicos).<\/li><li>17:00-20:00h. Pintacaras.<\/li><li>17:00-21:00 Futbol\u00edn Humano.<\/li><li>18:00-19:00h. Discom\u00f3vil, animaci\u00f3n infantil y bailes.<\/li><li>20:00-22:00h. Actuaci\u00f3n en directo grupo WALECTRIC.<\/li><li>23:00-01:30h. DJ Miguel Rom\u00e1.<\/li><li>01:30h. CIERRE<\/li><\/p> ","protected":false},"excerpt":{"rendered":"<p>Un fin de semana repleto de actividades para calentar motores antes de la noche m\u00e1s corta y m\u00e1gica del a\u00f1o<\/p>\n","protected":false},"author":0,"featured_media":16139,"comment_status":"open","ping_status":"open","sticky":false,"template":"","format":"standard","meta":{"_acf_changed":false,"footnotes":""},"categories":[1],"tags":[],"class_list":["post-16138","post","type-post","status-publish","format-standard","has-post-thumbnail","hentry","category-sin-categoria"],"acf":{"ser_id":"3WGKZA2OSFAD7PI4WR6BTXWWGA","ser_url":"https:\/\/cadenaser.com\/comunitat-valenciana\/2025\/06\/20\/las-calas-de-benidorm-y-finestrat-celebran-san-juan-radio-benidorm\/"},"_links":{"self":[{"href":"https:\/\/serbenidorm.daliisolutions.com\/index.php\/wp-json\/wp\/v2\/posts\/16138","targetHints":{"allow":["GET"]}}],"collection":[{"href":"https:\/\/serbenidorm.daliisolutions.com\/index.php\/wp-json\/wp\/v2\/posts"}],"about":[{"href":"https:\/\/serbenidorm.daliisolutions.com\/index.php\/wp-json\/wp\/v2\/types\/post"}],"replies":[{"embeddable":true,"href":"https:\/\/serbenidorm.daliisolutions.com\/index.php\/wp-json\/wp\/v2\/comments?post=16138"}],"version-history":[{"count":0,"href":"https:\/\/serbenidorm.daliisolutions.com\/index.php\/wp-json\/wp\/v2\/posts\/16138\/revisions"}],"wp:featuredmedia":[{"embeddable":true,"href":"https:\/\/serbenidorm.daliisolutions.com\/index.php\/wp-json\/wp\/v2\/media\/16139"}],"wp:attachment":[{"href":"https:\/\/serbenidorm.daliisolutions.com\/index.php\/wp-json\/wp\/v2\/media?parent=16138"}],"wp:term":[{"taxonomy":"category","embeddable":true,"href":"https:\/\/serbenidorm.daliisolutions.com\/index.php\/wp-json\/wp\/v2\/categories?post=16138"},{"taxonomy":"post_tag","embeddable":true,"href":"https:\/\/serbenidorm.daliisolutions.com\/index.php\/wp-json\/wp\/v2\/tags?post=16138"}],"curies":[{"name":"wp","href":"https:\/\/api.w.org\/{rel}","templated":true}]}}