{"id":1632,"date":"2024-01-22T19:43:33","date_gmt":"2024-01-22T18:43:33","guid":{"rendered":"https:\/\/serbenidorm.daliisolutions.com\/index.php\/2024\/01\/22\/semifinales-del-benidorm-fest-2024-reparto-y-orden-de-actuacion-en-cada-una-de-las-galas\/"},"modified":"2024-01-23T09:56:15","modified_gmt":"2024-01-23T08:56:15","slug":"semifinales-del-benidorm-fest-2024-reparto-y-orden-de-actuacion-en-cada-una-de-las-galas","status":"publish","type":"post","link":"https:\/\/serbenidorm.daliisolutions.com\/index.php\/2024\/01\/22\/semifinales-del-benidorm-fest-2024-reparto-y-orden-de-actuacion-en-cada-una-de-las-galas\/","title":{"rendered":"Semifinales del Benidorm Fest 2024: reparto y orden de actuaci\u00f3n en cada una de las galas"},"content":{"rendered":"\n<p>Ya est\u00e1 todo preparado para que arranquen los primeros pasos para ponerme rumbo a Malm\u00f6. RTVE ya ha dado a conocer <a href=\"https:\/\/cadenaser.com\/nacional\/2023\/11\/11\/rtve-anuncia-hoy-los-16-concursantes-confirmados-para-el-benidorm-fest-2024-que-optaran-a-ir-a-eurovision-cadena-ser\/\" target=\"_blank\" rel=\"noopener\">los artistas que actuar\u00e1n en cada semifinal del Benidorm Fest<\/a>, al igual que el orden de actuaci\u00f3n. <\/p>\n\n\n\n<p>Los 16 cantantes y grupos musicales luchar\u00e1n por viajar a la ciudad sueca e interpretar\u00e1n sus canciones en dos semifinales, una el 30 de enero y otra el 3 de febrero, en la tercera edici\u00f3n del festival alicantino. Solo uno de ellos podr\u00e1 tomar el relevo a Blanca Paloma y hacerse un hueco en la final del Festival de la Canci\u00f3n.<\/p>\n\n\n\n<p>Estrellas invitadas<\/p>\n\n\n\n<p>Adem\u00e1s de las actuaciones de los concursantes, RTVE ya anunci\u00f3 la invitaci\u00f3n a otros grandes artistas como Abraham Mateo, Camela, Sergio Dalma y Vicco, aspirante de la pasada edici\u00f3n que ha triunfado con su &#8216;Nochentera&#8217;. La canci\u00f3n de la de Elche, &#8216;Eaea&#8217;, no recibi\u00f3 la acogida esperada entre los eurofans el a\u00f1o pasado y qued\u00f3 en decimos\u00e9ptima posici\u00f3n. <\/p>\n\n\n\n<p>A\u00fan as\u00ed, la ausencia de Blanca Paloma en la edici\u00f3n de este a\u00f1o ha generado pol\u00e9mica entre los seguidores m\u00e1s fieles del concurso, que no entienden c\u00f3mo no ha sido invitada a actuar. Ante los rumores, Blanca Paloma acud\u00eda a su cuenta de &#8216;X&#8217; para esclarecer las dudas: \u00abYa me gustar\u00eda a m\u00ed cantaros en la final de Benidorm Fest\u00bb.<\/p>\n\n\n\n<p>As\u00ed quedan repartidas las actuaciones de los 16 artistas que aspiran a representar a Espa\u00f1a en el Festival de Eurovisi\u00f3n en mayo.<\/p>\n\n\n\n<p><div><div><blockquote class=\"twitter-tweet\"><p lang=\"ca\" dir=\"ltr\">Orden de actuaci\u00f3n <a href=\"https:\/\/twitter.com\/hashtag\/BenidormFest2024?src=hash\">#BenidormFest2024<\/a>\u2728<br><br>\ud83c\udfa41\u00aa semifinal: L\u00e9rica, Noan, Sofia Coll, Mantra, Miss Caffeina, Quique Niza, Angy Fern\u00e1ndez y Nebulossa <br><br>\ud83c\udfa42\u00aa semifinal: Mar\u00eda Pel\u00e1e, Dellacruz, MARLENA, st. Pedro, Jorge Gonz\u00e1lez, Yoly Saa, Roger Padr\u00f3s y Alm\u00e1cor<a href=\"https:\/\/t.co\/mhuBnIhxaa\">https:\/\/t.co\/mhuBnIhxaa<\/a> <a href=\"https:\/\/t.co\/kA0zojgkC4\">pic.twitter.com\/kA0zojgkC4<\/a><\/p>\u2014 Benidorm Fest (@BenidormFestTVE) <a href=\"https:\/\/twitter.com\/BenidormFestTVE\/status\/1749384576235876528?ref_src=twsrc%5Etfw\">January 22, 2024<\/a><\/blockquote>   <\/div><\/div><\/p>\n\n\n\n<p>Primera semifinal<\/p>\n\n\n\n<p><li>L\u00e9rica \u2013 &#8216;Astronauta&#8217;<\/li><li>Noan \u2013 &#8216;Te echo de \u2013&#8217;<\/li><li>Sofia Coll \u2013 &#8216;HERE TO STAY&#8217;<\/li><li>Mantra \u2013 \u201cMe vas a ver\u201d<\/li><li>Miss Caffeina \u2013 &#8216;Bla, bla, bla&#8217;<\/li><li>Quique Niza \u2013 &#8216;Prisionero&#8217;<\/li><li>Angy Fern\u00e1ndez \u2013 &#8216;S\u00e9 qui\u00e9n soy&#8217;<\/li><li>Nebulossa &#8211; &#8216;ZORRA&#8217;<\/li><\/p>\n\n\n\n<p>Segunda semifinal<\/p>\n\n\n\n<p><li>Mar\u00eda Pel\u00e1e \u2013 &#8216;Remitente&#8217;<\/li><li>Dellacruz \u2013 &#8216;Beso en la ma\u00f1ana&#8217;<\/li><li>MARLENA \u2013 &#8216;Amor de verano&#8217;<\/li><li>st. Pedro \u2013 &#8216;Dos extra\u00f1os (Cuarteto de cuerda)&#8217;<\/li><li>Jorge Gonz\u00e1lez \u2013 &#8216;Caliente&#8217;<\/li><li>Yoly Saa \u2013 &#8216;No se me olvida&#8217;<\/li><li>Roger Padr\u00f3s \u2013 &#8216;El temps&#8217;<\/li><li>Alm\u00e1cor \u2013 &#8216;Brillos platino&#8217;<\/li><\/p>\n","protected":false},"excerpt":{"rendered":"<p>Ya conoces cu\u00e1ndo y en qu\u00e9 orden interpretar\u00e1n sus canciones los 16 aspirantes de este a\u00f1o<\/p>\n","protected":false},"author":1,"featured_media":1633,"comment_status":"open","ping_status":"open","sticky":false,"template":"","format":"standard","meta":{"_acf_changed":false,"footnotes":""},"categories":[1],"tags":[],"class_list":["post-1632","post","type-post","status-publish","format-standard","has-post-thumbnail","hentry","category-sin-categoria"],"acf":{"ser_id":"LVYKPPJL4NAJTII4JPU5GARDZU","ser_url":"https:\/\/cadenaser.com\/comunitat-valenciana\/2024\/01\/22\/semifinales-del-benidorm-fest-2024-reparto-y-orden-de-actuacion-en-cada-una-de-las-galas-radio-benidorm\/"},"_links":{"self":[{"href":"https:\/\/serbenidorm.daliisolutions.com\/index.php\/wp-json\/wp\/v2\/posts\/1632","targetHints":{"allow":["GET"]}}],"collection":[{"href":"https:\/\/serbenidorm.daliisolutions.com\/index.php\/wp-json\/wp\/v2\/posts"}],"about":[{"href":"https:\/\/serbenidorm.daliisolutions.com\/index.php\/wp-json\/wp\/v2\/types\/post"}],"author":[{"embeddable":true,"href":"https:\/\/serbenidorm.daliisolutions.com\/index.php\/wp-json\/wp\/v2\/users\/1"}],"replies":[{"embeddable":true,"href":"https:\/\/serbenidorm.daliisolutions.com\/index.php\/wp-json\/wp\/v2\/comments?post=1632"}],"version-history":[{"count":1,"href":"https:\/\/serbenidorm.daliisolutions.com\/index.php\/wp-json\/wp\/v2\/posts\/1632\/revisions"}],"predecessor-version":[{"id":1647,"href":"https:\/\/serbenidorm.daliisolutions.com\/index.php\/wp-json\/wp\/v2\/posts\/1632\/revisions\/1647"}],"wp:featuredmedia":[{"embeddable":true,"href":"https:\/\/serbenidorm.daliisolutions.com\/index.php\/wp-json\/wp\/v2\/media\/1633"}],"wp:attachment":[{"href":"https:\/\/serbenidorm.daliisolutions.com\/index.php\/wp-json\/wp\/v2\/media?parent=1632"}],"wp:term":[{"taxonomy":"category","embeddable":true,"href":"https:\/\/serbenidorm.daliisolutions.com\/index.php\/wp-json\/wp\/v2\/categories?post=1632"},{"taxonomy":"post_tag","embeddable":true,"href":"https:\/\/serbenidorm.daliisolutions.com\/index.php\/wp-json\/wp\/v2\/tags?post=1632"}],"curies":[{"name":"wp","href":"https:\/\/api.w.org\/{rel}","templated":true}]}}