{"id":1650,"date":"2024-01-23T11:58:56","date_gmt":"2024-01-23T10:58:56","guid":{"rendered":"https:\/\/serbenidorm.daliisolutions.com\/index.php\/2024\/01\/23\/tom-pidcock-volvera-a-la-costa-blanca-e-iniciara-su-asalto-a-paris-en-la-nucia\/"},"modified":"2024-01-23T11:58:56","modified_gmt":"2024-01-23T10:58:56","slug":"tom-pidcock-volvera-a-la-costa-blanca-e-iniciara-su-asalto-a-paris-en-la-nucia","status":"publish","type":"post","link":"https:\/\/serbenidorm.daliisolutions.com\/index.php\/2024\/01\/23\/tom-pidcock-volvera-a-la-costa-blanca-e-iniciara-su-asalto-a-paris-en-la-nucia\/","title":{"rendered":"Tom Pidcock volver\u00e1 a la Costa Blanca e iniciar\u00e1 su asalto a Par\u00eds en La Nuc\u00eda"},"content":{"rendered":"  <p>Benidorm<\/p>   <p>Tom Pidcock (Ineos-Grenadiers) es uno de esos j\u00f3venes corredores (24 a\u00f1os) que en los \u00faltimos a\u00f1os han llegado al ciclismo para cambiarlo por completo. En la ruta, forma parte de esa generaci\u00f3n de ciclistas que s\u00f3lo entienden ponerse un dorsal si es para pelear por la victoria y no, como sucedi\u00f3 durante demasiado tiempo, para hacer aquellos vergonzantes \u2018entrenamientos competitivos\u2019 con los que preparar citas m\u00e1s lustrosas. As\u00ed, en las tres temporadas completas que lleva en el World Tour, el de Leeds ya ha ganado una Strade Bianche o una etapa en el Tour de Francia, nada menos que en la cima del m\u00edtico Alpe d\u2019Huez, entre otras.<\/p>   <p>Pidcock es, adem\u00e1s, uno de esos corredores multidisciplinares que lo mismo corre \u2013y gana\u2013 sobre una bici de carretera, una de ciclocross o una de monta\u00f1a. As\u00ed, se ha enfundado el maillot de campe\u00f3n del mundo en todas las categor\u00edas. En ruta, fue oro en la prueba contrarreloj J\u00fanior en 2017. En ciclocross, ha ganado tres mundiales, uno en cada categor\u00eda: J\u00fanior (2017), Sub-23 (2019) y Elite (2022). El t\u00edtulo de Fayetteville (EEUU) le llev\u00f3 a disputar la primera edici\u00f3n de la Copa del Mundo de ciclocross de Benidorm como campe\u00f3n en ejercicio. Adem\u00e1s, y para redondear ese palmar\u00e9s, tambi\u00e9n ha sido campe\u00f3n del mundo en mountain bike en las categor\u00edas J\u00fanior (2020) y Elite (2023) adem\u00e1s de campe\u00f3n ol\u00edmpico en Tokio.<\/p>   <p>Tom Pidcock, como tant\u00edsimas otras estrellas del ciclismo internacional, es un habitual de la Costa Blanca en sus entrenamientos invernales. Adem\u00e1s, y desde el debut de la carrera en 2023, es un fijo en la parrilla de salida de la Copa del Mundo de ciclocross de Benidorm, donde el pasado domingo termin\u00f3 noveno tras sufrir una ca\u00edda en la zona de tablones.<\/p>   <p>Con una temporada muy ambiciosa por delante, en la que en la carretera se le espera como protagonista en las cl\u00e1sicas de primavera, Itzulia, Ardenas y Tour de Francia; Tom Pidcock ha puesto ya punto y final a su campa\u00f1a en el ciclocross, pero no dejar\u00e1 de lado el \u2018off road\u2019 ya que se ha propuesto revalidar su t\u00edtulo ol\u00edmpico en el mountain bike.<\/p>   <p>Para ello, y aunque todav\u00eda no lo ha confirmado de forma oficial, todo hace indicar que el ciclista brit\u00e1nico iniciar\u00e1 su temporada en la especialidad de las ruedas gordas con otra visita a la Costa Blanca y a la Marina Baixa con motivo de la primera prueba de la Super Cup Massi que se disputar\u00e1 en La Nuc\u00eda los d\u00edas 10 y 11 de febrero.<\/p>   <p>Con esta prueba del m\u00e1ximo nivel, Pidcock comenzar\u00e1 a recorrer el camino que le debe de llevar a los Juegos Ol\u00edmpicos de Par\u00eds, donde la bici de monta\u00f1a tiene el hueco reservado en el programa para los d\u00edas 28 y 29 de julio, apenas una semana despu\u00e9s del final del Tour en Niza.<\/p>   <p>Pidcock viajar\u00eda a La Nuc\u00eda s\u00f3lo tres d\u00edas antes de debutar en la ruta, el 14 de febrero, con la Volta ao Algarve (Portugal) para, desde all\u00ed, encadenar, antes de la Itzulia, el Omloope Het Nieuwsblad (24 de febrero), Strade Bianche (2 de marzo) y Mil\u00e1n-Sanremo (16 de marzo).<\/p>   <p>Despu\u00e9s, y tras finalizar la carrera por etapas vasca, su campa\u00f1a seguir\u00eda por las colinas de las Ardenas con la Amstel Gold Race (14 de abril), Flecha Valona (17 de abril) y Lieja (21 de abril).<\/p> ","protected":false},"excerpt":{"rendered":"<p>El corredor brit\u00e1nico tiene previsto participar en la Super Cup MTB Massi del pr\u00f3ximo mes de febrero<\/p>\n","protected":false},"author":0,"featured_media":1651,"comment_status":"open","ping_status":"open","sticky":false,"template":"","format":"standard","meta":{"_acf_changed":false,"footnotes":""},"categories":[16],"tags":[],"class_list":["post-1650","post","type-post","status-publish","format-standard","has-post-thumbnail","hentry","category-deportes"],"acf":{"ser_id":"47FRQ4ZNU5GIPPQUTOGGHIUPZE","ser_url":"https:\/\/cadenaser.com\/comunitat-valenciana\/2024\/01\/23\/tom-pidcock-volvera-a-la-costa-blanca-e-iniciara-su-asalto-a-paris-en-la-nucia-radio-benidorm\/"},"_links":{"self":[{"href":"https:\/\/serbenidorm.daliisolutions.com\/index.php\/wp-json\/wp\/v2\/posts\/1650","targetHints":{"allow":["GET"]}}],"collection":[{"href":"https:\/\/serbenidorm.daliisolutions.com\/index.php\/wp-json\/wp\/v2\/posts"}],"about":[{"href":"https:\/\/serbenidorm.daliisolutions.com\/index.php\/wp-json\/wp\/v2\/types\/post"}],"replies":[{"embeddable":true,"href":"https:\/\/serbenidorm.daliisolutions.com\/index.php\/wp-json\/wp\/v2\/comments?post=1650"}],"version-history":[{"count":0,"href":"https:\/\/serbenidorm.daliisolutions.com\/index.php\/wp-json\/wp\/v2\/posts\/1650\/revisions"}],"wp:featuredmedia":[{"embeddable":true,"href":"https:\/\/serbenidorm.daliisolutions.com\/index.php\/wp-json\/wp\/v2\/media\/1651"}],"wp:attachment":[{"href":"https:\/\/serbenidorm.daliisolutions.com\/index.php\/wp-json\/wp\/v2\/media?parent=1650"}],"wp:term":[{"taxonomy":"category","embeddable":true,"href":"https:\/\/serbenidorm.daliisolutions.com\/index.php\/wp-json\/wp\/v2\/categories?post=1650"},{"taxonomy":"post_tag","embeddable":true,"href":"https:\/\/serbenidorm.daliisolutions.com\/index.php\/wp-json\/wp\/v2\/tags?post=1650"}],"curies":[{"name":"wp","href":"https:\/\/api.w.org\/{rel}","templated":true}]}}