{"id":1652,"date":"2024-01-23T13:06:48","date_gmt":"2024-01-23T12:06:48","guid":{"rendered":"https:\/\/serbenidorm.daliisolutions.com\/index.php\/2024\/01\/23\/el-club-voleibol-playas-de-benidorm-incorpora-a-fran-fernandez\/"},"modified":"2024-01-23T13:06:48","modified_gmt":"2024-01-23T12:06:48","slug":"el-club-voleibol-playas-de-benidorm-incorpora-a-fran-fernandez","status":"publish","type":"post","link":"https:\/\/serbenidorm.daliisolutions.com\/index.php\/2024\/01\/23\/el-club-voleibol-playas-de-benidorm-incorpora-a-fran-fernandez\/","title":{"rendered":"El Club Voleibol Playas de Benidorm incorpora a Fran Fern\u00e1ndez"},"content":{"rendered":"  <p>Benidorm<\/p>   <p>El Club Voleibol Playas de Benidorm ha decidido acudir al mercado de fichajes para tratar de dotar al entrenador de su equipo de Superliga 2 masculina, Adriano Lamb, de los resortes necesarios para enderezar la irregular marcha del Servigroup-Benidorm y, con ello, volver a convertirse en aspirante a meterse en la fase de ascenso a la m\u00e1xima categor\u00eda del v\u00f3ley nacional.<\/p>   <p>Tras haber anunciado la baja del brasile\u00f1o Walter Bortoleto, que ya no particip\u00f3 (por decisi\u00f3n t\u00e9cnica) en el choque del pasado fin de semana ante Almer\u00eda, el Club Voleibol Playas de Benidorm ha confirmado este martes un acuerdo con el receptor murciano Fran Fern\u00e1ndez, procedente del Cableworld Petrer-Villena de la Superliga masculina.<\/p>   <p>Fern\u00e1ndez, de 27 a\u00f1os, ya se ha incorporado a los entrenamientos con sus nuevos compa\u00f1eros y podr\u00eda debutar, si as\u00ed lo considera oportuno el t\u00e9cnico brasile\u00f1o del Servigroup-Benidorm, el pr\u00f3ximo s\u00e1bado con motivo del choque que el equipo masculino disputar\u00e1 en el pabell\u00f3n Ra\u00fal Mesa (17:00 horas) ante el l\u00edder del grupo, el imbatido Legan\u00e9s.<\/p>   <p>Nacido en Cieza, Fran Fern\u00e1ndez cuenta con una experiencia de once temporadas en la \u00e9lite del voleibol, por lo que es un jugador curtido a pesar de su corta edad. Empez\u00f3 su carrera como profesional la campa\u00f1a 2014\/15 con el Intasa San Sadurni\u00f1o y a partir de ah\u00ed dio inicio a una trayectoria en la que se ha enfundado las camisetas del Electrocash C\u00e1ceres, R\u00edo Duero Soria, Melilla Sport Capital, Rotogal Boiro, Quantware Napoli y Voley Palma.<\/p> ","protected":false},"excerpt":{"rendered":"<p>La entidad del pabell\u00f3n Ra\u00fal Mesa anunci\u00f3 previamente la baja del brasile\u00f1o Walter Bortoleto<\/p>\n","protected":false},"author":0,"featured_media":1653,"comment_status":"open","ping_status":"open","sticky":false,"template":"","format":"standard","meta":{"_acf_changed":false,"footnotes":""},"categories":[16],"tags":[],"class_list":["post-1652","post","type-post","status-publish","format-standard","has-post-thumbnail","hentry","category-deportes"],"acf":{"ser_id":"UC2X2DB2UJHZZDDEJTM3HU6YQI","ser_url":"https:\/\/cadenaser.com\/comunitat-valenciana\/2024\/01\/23\/el-club-voleibol-playas-de-benidorm-incorpora-a-fran-fernandez-radio-benidorm\/"},"_links":{"self":[{"href":"https:\/\/serbenidorm.daliisolutions.com\/index.php\/wp-json\/wp\/v2\/posts\/1652","targetHints":{"allow":["GET"]}}],"collection":[{"href":"https:\/\/serbenidorm.daliisolutions.com\/index.php\/wp-json\/wp\/v2\/posts"}],"about":[{"href":"https:\/\/serbenidorm.daliisolutions.com\/index.php\/wp-json\/wp\/v2\/types\/post"}],"replies":[{"embeddable":true,"href":"https:\/\/serbenidorm.daliisolutions.com\/index.php\/wp-json\/wp\/v2\/comments?post=1652"}],"version-history":[{"count":0,"href":"https:\/\/serbenidorm.daliisolutions.com\/index.php\/wp-json\/wp\/v2\/posts\/1652\/revisions"}],"wp:featuredmedia":[{"embeddable":true,"href":"https:\/\/serbenidorm.daliisolutions.com\/index.php\/wp-json\/wp\/v2\/media\/1653"}],"wp:attachment":[{"href":"https:\/\/serbenidorm.daliisolutions.com\/index.php\/wp-json\/wp\/v2\/media?parent=1652"}],"wp:term":[{"taxonomy":"category","embeddable":true,"href":"https:\/\/serbenidorm.daliisolutions.com\/index.php\/wp-json\/wp\/v2\/categories?post=1652"},{"taxonomy":"post_tag","embeddable":true,"href":"https:\/\/serbenidorm.daliisolutions.com\/index.php\/wp-json\/wp\/v2\/tags?post=1652"}],"curies":[{"name":"wp","href":"https:\/\/api.w.org\/{rel}","templated":true}]}}