{"id":1658,"date":"2024-01-23T16:13:10","date_gmt":"2024-01-23T15:13:10","guid":{"rendered":"https:\/\/serbenidorm.daliisolutions.com\/index.php\/2024\/01\/23\/la-vila-joiosa-pide-opinion-a-los-vecinos-para-elaborar-el-plan-local-de-gestion-de-residuos-urbanos\/"},"modified":"2024-01-23T16:13:10","modified_gmt":"2024-01-23T15:13:10","slug":"la-vila-joiosa-pide-opinion-a-los-vecinos-para-elaborar-el-plan-local-de-gestion-de-residuos-urbanos","status":"publish","type":"post","link":"https:\/\/serbenidorm.daliisolutions.com\/index.php\/2024\/01\/23\/la-vila-joiosa-pide-opinion-a-los-vecinos-para-elaborar-el-plan-local-de-gestion-de-residuos-urbanos\/","title":{"rendered":"La Vila Joiosa pide opini\u00f3n a los vecinos para elaborar el Plan Local de Gesti\u00f3n de Residuos Urbanos"},"content":{"rendered":"  <p>La Vila Joiosa<\/p>   <p>La concejal\u00eda de Escena Urbana del Ayuntamiento de La Vila Joiosa ha iniciado el proceso de creaci\u00f3n de su Plan Local de Gesti\u00f3n de Residuos Urbanos, <a href=\"https:\/\/cadenaser.com\/tag\/vila_joiosa\/a\/\" target=\"_blank\" rel=\"noopener\">un documento \u201cclave que definir\u00e1 las estrategias y l\u00edneas de actuaci\u00f3n m\u00e1s efectivas para garantizar el perfecto funcionamiento del servicio de limpieza y recogida de residuos urbanos, junto con el comportamiento rutinario de la ciudadan\u00eda<\/a>\u201d, tal y como ha explicado la edil del \u00e1rea, Ana Alc\u00e1zar.<\/p>   <p>La responsable local de Escena Urbana ha subrayado que \u201ces una gran prioridad para el equipo de gobierno local que las calles y los parques de La Vila se mantengan limpios y aseados todos los d\u00edas del a\u00f1o y, adem\u00e1s de ampliar el contrato del servicio de limpieza, queremos contar con la colaboraci\u00f3n de todos los vecinos para conseguir, entre todos, la imagen y el estado perfecto que deseamos que tenga nuestro municipio\u201d.<\/p>   <p>El Plan Local de Gesti\u00f3n de Residuos Urbanos es una herramienta de planificaci\u00f3n que busca conseguir los retos en materia de limpieza y aseo del equipo de gobierno local, as\u00ed como los objetivos marcados por la legislaci\u00f3n en cuanto a la correcta gesti\u00f3n, prevenci\u00f3n y reutilizaci\u00f3n de los residuos municipales. Adem\u00e1s, el plan establecer\u00e1 las actuaciones efectivas tanto para el servicio de recogida como para la prevenci\u00f3n de la generaci\u00f3n excesiva de residuos en La Vila Joiosa.<\/p>  <p><p>M\u00e1s informaci\u00f3n<\/p><figure><img decoding=\"async\" src=\"https:\/\/cadenaser.com\/resizer\/SZBfRswrZncG_SzAxlVdAz4cnJs=\/650x366\/filters:quality(70)\/cloudfront-eu-central-1.images.arcpublishing.com\/prisaradio\/BVO3ZUGCQ5G7TIEI3YAE6F6IO4.jpg\" loading=\"lazy\" width=\"828\" height=\"621\" \/><\/figure><ul><li><a href=\"https:\/\/cadenaser.com\/comunitat-valenciana\/2024\/01\/11\/cambios-en-el-gobierno-de-la-vila-joiosa-se-crean-las-concejalias-de-bienestar-animal-y-ciudad-inteligente-y-desaparece-la-de-casco-historico-radio-benidorm\/\">Cambios en el gobierno de La Vila Joiosa: se crean las concejal\u00edas de Bienestar Animal y Ciudad Inteligente y desaparece la de Casco Hist\u00f3rico<\/a><\/li><\/ul><\/p>   <p>En la fase de diagn\u00f3stico de este proyecto, adem\u00e1s del trabajo t\u00e9cnico y recopilaci\u00f3n de informaci\u00f3n sobre el estado actual de sistema, se llevar\u00e1 a cabo un proceso de participaci\u00f3n ciudadana con el que se recopilar\u00e1 informaci\u00f3n sobre la gesti\u00f3n de residuos.<\/p>   <p>Encuesta a los vecinos a partir del 29 de enero<\/p>   <p>En \u00e9l colaborar\u00e1n los vecinos, quienes tienen la oportunidad de expresar sus opiniones sobre la gesti\u00f3n de los residuos y aportar sugerencias que puedan ayudar a la mejora continua del sistema de recogida de residuos en el municipio. Para ello, se dispone de una encuesta online, a la que los ciudadanos podr\u00e1n acceder a trav\u00e9s de un enlace digital entre los d\u00edas 29 de enero y 4 de febrero, que estar\u00e1 disponible en la web y la aplicaci\u00f3n corporativa, as\u00ed como a trav\u00e9s de c\u00f3digo QR.<\/p>   <p>Adem\u00e1s, los d\u00edas 1, 2 y 3 de febrero, personal t\u00e9cnico ofrecer\u00e1 la realizaci\u00f3n de la encuesta a la poblaci\u00f3n en diversas localizaciones del municipio: el 1 de febrero estar\u00e1n en el mercadillo del centro urbano, el d\u00eda 2 atender\u00e1n a los ciudadanos por la zona centro y el d\u00eda 3 estar\u00e1n en el mercadillo de La Cala.<\/p>  <p><p class=\"tit\"><span>Hora 14 Benidorm (23\/01\/2024)<\/span><\/p> <p class=\"emb\"><iframe loading=\"lazy\" src=\"https:\/\/cadenaser.com\/embed\/audio\/460\/cadenaser_benidorm_hora14benidorm_20240123_141700_143000\/\" width=\"100%\" height=\"360\" frameborder=\"0\" allowfullscreen><\/iframe><\/p><\/p>   <p>As\u00ed mismo, el plan dise\u00f1ar\u00e1 actuaciones de consumo responsable y reutilizaci\u00f3n de todo tipo de materiales y establecer\u00e1 los medios necesarios para la ejecuci\u00f3n y la medici\u00f3n de la eficacia del servicio. Se prev\u00e9 que la aprobaci\u00f3n del plan se lleve al pleno ordinario correspondiente al mes de marzo.<\/p>   <p>\u201cEste proyecto representa un paso fundamental hacia una gesti\u00f3n de residuos m\u00e1s efectiva, que permita dar respuesta a las necesidades reales ambientales y de la poblaci\u00f3n. La normativa establece que las poblaciones de m\u00e1s de 10.000 habitantes tienen la obligatoriedad de ejecutar este plan, que deber\u00edamos de haber tenido activo desde enero de 2021. Por ello, poner en marcha este plan ha sido una de las prioridades de este equipo de gobierno\u201d, a\u00f1ade Alc\u00e1zar. En sentido, Alc\u00e1zar agradece la colaboraci\u00f3n de la ciudadan\u00eda en la elaboraci\u00f3n de este plan y en el rendimiento del servicio de limpieza \u201cpuesto que el hecho de mantener La Vila limpia depende de todos, de los servicios de limpieza y de la colaboraci\u00f3n, concienciaci\u00f3n y respeto de los ciudadanos y estoy convencida de que lo vamos a conseguir entre todos.\u201d<\/p> ","protected":false},"excerpt":{"rendered":"<p>Se espera que su versi\u00f3n definitiva pueda ser elevada a pleno el pr\u00f3ximo mes de marzo<\/p>\n","protected":false},"author":0,"featured_media":1659,"comment_status":"open","ping_status":"open","sticky":false,"template":"","format":"standard","meta":{"_acf_changed":false,"footnotes":""},"categories":[1],"tags":[],"class_list":["post-1658","post","type-post","status-publish","format-standard","has-post-thumbnail","hentry","category-sin-categoria"],"acf":{"ser_id":"3LDXKYGM5JD2NIVYLQUKM5XKXM","ser_url":"https:\/\/cadenaser.com\/comunitat-valenciana\/2024\/01\/23\/la-vila-joiosa-pide-a-los-vecinos-opinion-para-el-plan-local-de-gestion-de-residuos-urbanos-radio-benidorm\/"},"_links":{"self":[{"href":"https:\/\/serbenidorm.daliisolutions.com\/index.php\/wp-json\/wp\/v2\/posts\/1658","targetHints":{"allow":["GET"]}}],"collection":[{"href":"https:\/\/serbenidorm.daliisolutions.com\/index.php\/wp-json\/wp\/v2\/posts"}],"about":[{"href":"https:\/\/serbenidorm.daliisolutions.com\/index.php\/wp-json\/wp\/v2\/types\/post"}],"replies":[{"embeddable":true,"href":"https:\/\/serbenidorm.daliisolutions.com\/index.php\/wp-json\/wp\/v2\/comments?post=1658"}],"version-history":[{"count":0,"href":"https:\/\/serbenidorm.daliisolutions.com\/index.php\/wp-json\/wp\/v2\/posts\/1658\/revisions"}],"wp:featuredmedia":[{"embeddable":true,"href":"https:\/\/serbenidorm.daliisolutions.com\/index.php\/wp-json\/wp\/v2\/media\/1659"}],"wp:attachment":[{"href":"https:\/\/serbenidorm.daliisolutions.com\/index.php\/wp-json\/wp\/v2\/media?parent=1658"}],"wp:term":[{"taxonomy":"category","embeddable":true,"href":"https:\/\/serbenidorm.daliisolutions.com\/index.php\/wp-json\/wp\/v2\/categories?post=1658"},{"taxonomy":"post_tag","embeddable":true,"href":"https:\/\/serbenidorm.daliisolutions.com\/index.php\/wp-json\/wp\/v2\/tags?post=1658"}],"curies":[{"name":"wp","href":"https:\/\/api.w.org\/{rel}","templated":true}]}}