{"id":1660,"date":"2024-01-23T17:26:29","date_gmt":"2024-01-23T16:26:29","guid":{"rendered":"https:\/\/serbenidorm.daliisolutions.com\/index.php\/2024\/01\/23\/el-psoe-de-benidorm-presenta-veinte-propuestas-al-presupuesto-municipal-y-vuelve-a-criticar-la-demora-del-pp-en-aprobarlo\/"},"modified":"2024-01-23T17:26:29","modified_gmt":"2024-01-23T16:26:29","slug":"el-psoe-de-benidorm-presenta-veinte-propuestas-al-presupuesto-municipal-y-vuelve-a-criticar-la-demora-del-pp-en-aprobarlo","status":"publish","type":"post","link":"https:\/\/serbenidorm.daliisolutions.com\/index.php\/2024\/01\/23\/el-psoe-de-benidorm-presenta-veinte-propuestas-al-presupuesto-municipal-y-vuelve-a-criticar-la-demora-del-pp-en-aprobarlo\/","title":{"rendered":"El PSOE de Benidorm presenta veinte propuestas al presupuesto municipal y vuelve a criticar la demora del PP en aprobarlo"},"content":{"rendered":"  <p>Benidorm<\/p>   <p>La oposici\u00f3n carga una vez m\u00e1s contra<a href=\"https:\/\/cadenaser.com\/tag\/benidorm\/a\/\" target=\"_blank\" rel=\"noopener\"> la demora del gobierno del Ayuntamiento de Benidorm en sacar adelante unas nuevas cuentas municipales<\/a>. Actualmente, el presupuesto de 2022 sigue prorrogado y la portavoz del Grupo Municipal Socialista ha denunciado de nuevo  esta situaci\u00f3n.<\/p>   <p>\u00abEl equipo de Gobierno del PP est\u00e1 inmerso en la par\u00e1lisis y sigue sin presentar el borrador de presupuestos para este 2024, por lo que el Ayuntamiento de Benidorm contin\u00faa con las cuentas prorrogadas desde el 2022 a pesar de la mayor\u00eda absoluta de la que dispone el alcalde Toni P\u00e9rez\u00bb, ha insistido la portavoz del PSOE Cristina Escoda.<\/p>   <p>El Grupo Socialista tambi\u00e9n ha aprovechado para registrar una bater\u00eda de propuestas para su estudio y posible incorporaci\u00f3n al presupuesto al tiempo que Escoda lamenta que no el ejecutivo no les haya tenido en cuenta para consensuar un documento \u00aba pesar de los numerosos ofrecimientos realizados\u00bb.<\/p>  <p><p>M\u00e1s informaci\u00f3n<\/p><figure><img decoding=\"async\" src=\"https:\/\/cadenaser.com\/resizer\/xc6ox7mgvEuWP8NnuW4QTr03n_c=\/650x366\/filters:quality(70)\/cloudfront-eu-central-1.images.arcpublishing.com\/prisaradio\/QVXZXUBNLRGZJCG7TZ5XXGKYYU.jpg\" loading=\"lazy\" width=\"828\" height=\"621\" \/><\/figure><ul><li><a href=\"https:\/\/cadenaser.com\/comunitat-valenciana\/2024\/01\/10\/el-psoe-de-benidorm-denuncia-que-los-presupuestos-de-la-generalitat-se-olvidan-de-los-grandes-proyectos-para-la-ciudad-radio-benidorm\/\">El PSOE de Benidorm denuncia que los presupuestos de la Generalitat \u00abse olvidan de los grandes proyectos para la ciudad\u00bb<\/a><\/li><\/ul><\/p>   <p>Las propuestas del PSOE<\/p>   <p>As\u00ed, desde el PSOE han planteado que se habilite una partida para incrementar el servicio de limpieza de los centros educativos en horario lectivo, habilitar salas de estudio en los diferentes barrios de la ciudad, subvencionar el 100% del servicio de &#8216;escoles matineres&#8217;, abrir los centros educativos por la tardes para realizar actividades y practicar deportes, habilitar locales de ensayo o para poner en marcha una Oficina del Mayor en la que ayudarles con los tr\u00e1mites digitales.<\/p>  <p><p class=\"tit\"><span>Hora 14 Benidorm (23\/01\/2024)<\/span><\/p> <p class=\"emb\"><iframe loading=\"lazy\" src=\"https:\/\/cadenaser.com\/embed\/audio\/460\/cadenaser_benidorm_hora14benidorm_20240123_141700_143000\/\" width=\"100%\" height=\"360\" frameborder=\"0\" allowfullscreen><\/iframe><\/p><\/p>   <p>Tambi\u00e9n proponen consignar presupuesto para instalar la caja esc\u00e9nica en el auditorio del Centro Cultural, habilitar un nuevo Centro Juvenil, ampliar el Centro Municipal Pepa Esperanza, poner en marcha ayudas para el alquiler y para la rehabilitaci\u00f3n viviendas condicionadas a su futura puesta en alquiler con precios asequibles, as\u00ed como subvencionar el 100 % del transporte a los menores de 30 a\u00f1os.<\/p>   <p>Adem\u00e1s, los socialistas plantean reformar la V\u00eda Emilio Ortu\u00f1o, construir un nuevo almac\u00e9n municipal, acondicionar el Festa Espai, reformar el Centro Social Jos\u00e9 Llorca Linares, rehabilitar la Plaza de Manizales y el Palau d\u2019Esports L\u2019Illa de Benidorm y destinar partida para la construcci\u00f3n de un nuevo pabell\u00f3n deportivo en La Cala o para techar las pistas exteriores del Palau.<\/p> ","protected":false},"excerpt":{"rendered":"<p>Su portavoz Cristina Escoda critica la par\u00e1lisis del gobierno local que sigue con las cuentas prorrogadas desde 2022 <\/p>\n","protected":false},"author":0,"featured_media":1661,"comment_status":"open","ping_status":"open","sticky":false,"template":"","format":"standard","meta":{"_acf_changed":false,"footnotes":""},"categories":[1],"tags":[],"class_list":["post-1660","post","type-post","status-publish","format-standard","has-post-thumbnail","hentry","category-sin-categoria"],"acf":{"ser_id":"IU2GROKXFZHHDCLXQDAV3G3XAU","ser_url":"https:\/\/cadenaser.com\/comunitat-valenciana\/2024\/01\/23\/el-psoe-de-benidorm-presenta-una-bateria-de-propuestas-para-el-presupuesto-municipal-y-vuelve-a-criticar-la-demora-del-pp-en-sacarlo-adelante-radio-benidorm\/"},"_links":{"self":[{"href":"https:\/\/serbenidorm.daliisolutions.com\/index.php\/wp-json\/wp\/v2\/posts\/1660","targetHints":{"allow":["GET"]}}],"collection":[{"href":"https:\/\/serbenidorm.daliisolutions.com\/index.php\/wp-json\/wp\/v2\/posts"}],"about":[{"href":"https:\/\/serbenidorm.daliisolutions.com\/index.php\/wp-json\/wp\/v2\/types\/post"}],"replies":[{"embeddable":true,"href":"https:\/\/serbenidorm.daliisolutions.com\/index.php\/wp-json\/wp\/v2\/comments?post=1660"}],"version-history":[{"count":0,"href":"https:\/\/serbenidorm.daliisolutions.com\/index.php\/wp-json\/wp\/v2\/posts\/1660\/revisions"}],"wp:featuredmedia":[{"embeddable":true,"href":"https:\/\/serbenidorm.daliisolutions.com\/index.php\/wp-json\/wp\/v2\/media\/1661"}],"wp:attachment":[{"href":"https:\/\/serbenidorm.daliisolutions.com\/index.php\/wp-json\/wp\/v2\/media?parent=1660"}],"wp:term":[{"taxonomy":"category","embeddable":true,"href":"https:\/\/serbenidorm.daliisolutions.com\/index.php\/wp-json\/wp\/v2\/categories?post=1660"},{"taxonomy":"post_tag","embeddable":true,"href":"https:\/\/serbenidorm.daliisolutions.com\/index.php\/wp-json\/wp\/v2\/tags?post=1660"}],"curies":[{"name":"wp","href":"https:\/\/api.w.org\/{rel}","templated":true}]}}