{"id":16669,"date":"2025-07-09T07:59:45","date_gmt":"2025-07-09T05:59:45","guid":{"rendered":"https:\/\/serbenidorm.daliisolutions.com\/index.php\/2025\/07\/09\/adios-a-angie-llorca-segui-9\/"},"modified":"2025-07-09T07:59:45","modified_gmt":"2025-07-09T05:59:45","slug":"adios-a-angie-llorca-segui-9","status":"publish","type":"post","link":"https:\/\/serbenidorm.daliisolutions.com\/index.php\/2025\/07\/09\/adios-a-angie-llorca-segui-9\/","title":{"rendered":"Adi\u00f3s a \u2018Angie\u2019 Llorca Segu\u00ed"},"content":{"rendered":" <p><\/p>  <p>Benidorm ha amanecido hoy de luto tras conocerse la triste noticia del fallecimiento de \u00c1ngela Llorca Segu\u00ed. Conocida en toda la ciudad como \u2018Angie\u2019, fue concejala del Ayuntamiento de Benidorm entre 2011 y 2023 por el Partido Popular ocupando, entre 2015 y 2023, el \u00e1rea de Bienestar Social. Su muerte ha causado una honda conmoci\u00f3n entre la ciudadan\u00eda, especialmente en los \u00e1mbitos social y festero de la ciudad, donde era una figura muy apreciada.<\/p>  <p>Tal y como han destacado los que mejor la conoc\u00edan, su car\u00e1cter cercano y su compromiso con los colectivos m\u00e1s vulnerables le valieron el cari\u00f1o y reconocimiento de numerosas asociaciones y entidades locales, que hoy lloran su p\u00e9rdida.<\/p>  <p>\u00c1ngela Llorca manten\u00eda adem\u00e1s un profundo v\u00ednculo con las tradiciones festivas de Benidorm, participando activamente en celebraciones populares y siendo especialmente destacada su implicaci\u00f3n con la Festa de la Creu, una de las m\u00e1s emblem\u00e1ticas de la ciudad. Su presencia y entusiasmo en cada acto festero la convirtieron en una figura habitual y muy querida dentro del calendario festivo local.<\/p>  <p>El alcalde de Benidorm, Toni P\u00e9rez, ha querido rendirle un emotivo tributo p\u00fablico a trav\u00e9s de sus redes sociales, compartiendo un mensaje cargado de afecto y poes\u00eda: \u201cA las aladas almas de las rosas del almendro de nata te requiero, que tenemos que hablar de muchas cosas, compa\u00f1era del alma, compa\u00f1era. Siempre en mi coraz\u00f3n Angie Llorca Segu\u00ed. Descansa ya y, hasta que volvamos a encontrarnos, que Dios te sostenga en la palma de su mano\u201d.<\/p>  <p>Angie deja marido, una hija y dos nietos. Su legado, tanto pol\u00edtico como humano, permanecer\u00e1 imborrable en la memoria de quienes la conocieron y trabajaron a su lado.<\/p>  <p>Su velatorio ha quedado abierto en el Tanatorio de la Marina Baixa, donde desde primera hora se est\u00e1n acercando familiares, amigos, compa\u00f1eros de partido y vecinos para despedirla y rendirle homenaje.<\/p>  <p><\/p>  <p><\/p>  <p><\/p> ","protected":false},"excerpt":{"rendered":"<p>Benidorm llora la muerte de la exedil de Bienestar Social y una figura muy querida en el \u00e1mbito asociativo y festero de la ciudad<\/p>\n","protected":false},"author":0,"featured_media":16670,"comment_status":"open","ping_status":"open","sticky":false,"template":"","format":"standard","meta":{"_acf_changed":false,"footnotes":""},"categories":[1],"tags":[],"class_list":["post-16669","post","type-post","status-publish","format-standard","has-post-thumbnail","hentry","category-sin-categoria"],"acf":{"ser_id":"5N6WSFAVH5CQTEDHVLSTJK3BFE","ser_url":"https:\/\/cadenaser.com\/comunitat-valenciana\/2025\/07\/08\/adios-a-angie-llorca-segui-radio-benidorm\/"},"_links":{"self":[{"href":"https:\/\/serbenidorm.daliisolutions.com\/index.php\/wp-json\/wp\/v2\/posts\/16669","targetHints":{"allow":["GET"]}}],"collection":[{"href":"https:\/\/serbenidorm.daliisolutions.com\/index.php\/wp-json\/wp\/v2\/posts"}],"about":[{"href":"https:\/\/serbenidorm.daliisolutions.com\/index.php\/wp-json\/wp\/v2\/types\/post"}],"replies":[{"embeddable":true,"href":"https:\/\/serbenidorm.daliisolutions.com\/index.php\/wp-json\/wp\/v2\/comments?post=16669"}],"version-history":[{"count":0,"href":"https:\/\/serbenidorm.daliisolutions.com\/index.php\/wp-json\/wp\/v2\/posts\/16669\/revisions"}],"wp:featuredmedia":[{"embeddable":true,"href":"https:\/\/serbenidorm.daliisolutions.com\/index.php\/wp-json\/wp\/v2\/media\/16670"}],"wp:attachment":[{"href":"https:\/\/serbenidorm.daliisolutions.com\/index.php\/wp-json\/wp\/v2\/media?parent=16669"}],"wp:term":[{"taxonomy":"category","embeddable":true,"href":"https:\/\/serbenidorm.daliisolutions.com\/index.php\/wp-json\/wp\/v2\/categories?post=16669"},{"taxonomy":"post_tag","embeddable":true,"href":"https:\/\/serbenidorm.daliisolutions.com\/index.php\/wp-json\/wp\/v2\/tags?post=16669"}],"curies":[{"name":"wp","href":"https:\/\/api.w.org\/{rel}","templated":true}]}}