{"id":16708,"date":"2025-07-09T08:20:01","date_gmt":"2025-07-09T06:20:01","guid":{"rendered":"https:\/\/serbenidorm.daliisolutions.com\/index.php\/2025\/07\/09\/la-nucia-cumple-320-anos-musica-exposicion-mercado-medieval-y-un-homenaje-a-miquel-guardiola-11\/"},"modified":"2025-07-09T08:20:01","modified_gmt":"2025-07-09T06:20:01","slug":"la-nucia-cumple-320-anos-musica-exposicion-mercado-medieval-y-un-homenaje-a-miquel-guardiola-11","status":"publish","type":"post","link":"https:\/\/serbenidorm.daliisolutions.com\/index.php\/2025\/07\/09\/la-nucia-cumple-320-anos-musica-exposicion-mercado-medieval-y-un-homenaje-a-miquel-guardiola-11\/","title":{"rendered":"La Nuc\u00eda cumple 320 a\u00f1os: m\u00fasica, exposici\u00f3n, mercado medieval y un homenaje a Miquel Guardiola"},"content":{"rendered":" <p>La Nuc\u00eda ha programado diferentes actos culturales para celebrar el \u201c9 de juliol. Dia de La Nucia\u201d y conmemorar el 320 aniversario de la fundaci\u00f3n de La Nuc\u00eda (1705-2025). <\/p>  <p>La actividad comenzar\u00e1 a las 19,30 horas en l\u2019Auditori con el \u201cActo Homenaje a Miquel Guardiola\u201d, cronista oficial e hijo predilecto de La Nuc\u00eda, recientemente fallecido. <\/p>  <p>Tras aprobarse hoy en pleno municipal por unanimidad el Ayuntamiento y el pueblo de La Nuc\u00eda dedican el nombre de su biblioteca municipal a su cronista oficial, pas\u00e1ndose a denominarse <a href=\"https:\/\/cadenaser.com\/tag\/benidorm\/a\/\" target=\"_blank\" rel=\"nofollow\" title=\"https:\/\/cadenaser.com\/tag\/benidorm\/a\/\">\u201cBiblioteca Miquel Guardiola\u201d<\/a>. Una forma de reconocer su gran labor investigando y escribiendo sobre la historia de su pueblo, publicando un total de 12 libros y creando la letra del himno de La Nuc\u00eda. <\/p>  <p>Posteriormente en la Sala Ponent de l\u2019Auditori, a las 20 horas, se realizar\u00e1 la presentaci\u00f3n de la novela \u201cEl Cantero de Cuelgamuros\u201d del escritor nuciero Manuel S\u00e1nchez. En su octava novela el autor nos cuenta la historia de Laura, una maestra que llega a La Nuc\u00eda en la d\u00e9cada de los 30 del siglo XX y su historia de amor con el cantero V\u00edctor Losada.<\/p>  <p>Para finalizar la jornada, a las 21 horas en la Sala Llevant se inaugurar\u00e1 la exposici\u00f3n \u201cTerra i Mem\u00f2ria. Onom\u00e0stica de La Nucia\u201d, una muestra monogr\u00e1fica sobre la toponimia y antroponimia.<\/p>  <p>La Nuc\u00eda viajar\u00e1 al medievo del 11 al 13 de julio, a trav\u00e9s del XIX Mercado Medieval, que se instalar\u00e1 por las calles del casco antiguo, con 46 puestos de artesan\u00eda de autor. Este a\u00f1o incluye un campamento medieval, combates de caballeros, danzas orientales, personajes medievales, trovadores, espect\u00e1culos de fuego, talleres para ni\u00f1os y demostraciones de oficios como herrero, alfareros o ebanistas y espect\u00e1culo con fuego cada noche. El horario ser\u00e1 de 18 a 24 horas durante los tres d\u00edas, y la entrada ser\u00e1 libre y gratuita. <\/p>  <p>Los visitantes del Mercado Medieval de La Nuc\u00eda encontrar\u00e1n artesan\u00eda, gastronom\u00eda, teatro de calle, danzas, m\u00fasica, demostraciones de oficios y mucha animaci\u00f3n durante tres intensos d\u00edas.<\/p>  <p>Los actos del \u201c9 de juliol. Dia de La Nucia\u201d de 2025 concluir\u00e1n el domingo 13 de julio a las 12 horas con un \u201cConcierto de Corales\u201d en el Teatre El Sindicat, con entrada libre. En \u00e9l participar\u00e1n la Agrupaci\u00f3 Coral de Finestrat y la Coral de la Uni\u00f3 Musical de La Nuc\u00eda. Un concierto incluido dentro de la \u201cXXII Campanya de Concerts d\u2019Intercanvis Musicals\u201d del Institut Valenci\u00e0 de Cultura.<\/p>  <p><\/p>  <p><\/p>  <p><\/p>  <p><\/p> ","protected":false},"excerpt":{"rendered":"<p>La Biblioteca Municipal llevar\u00e1 el nombre del cronista municipal <\/p>\n","protected":false},"author":0,"featured_media":16709,"comment_status":"open","ping_status":"open","sticky":false,"template":"","format":"standard","meta":{"_acf_changed":false,"footnotes":""},"categories":[1],"tags":[],"class_list":["post-16708","post","type-post","status-publish","format-standard","has-post-thumbnail","hentry","category-sin-categoria"],"acf":{"ser_id":"HJ6TSHO4OFBFFPQPI6KIDPEVS4","ser_url":"https:\/\/cadenaser.com\/comunitat-valenciana\/2025\/07\/08\/la-nucia-cumple-320-anos-musica-exposicion-mercado-medieval-y-un-homenaje-a-miquel-guardiola-radio-benidorm\/"},"_links":{"self":[{"href":"https:\/\/serbenidorm.daliisolutions.com\/index.php\/wp-json\/wp\/v2\/posts\/16708","targetHints":{"allow":["GET"]}}],"collection":[{"href":"https:\/\/serbenidorm.daliisolutions.com\/index.php\/wp-json\/wp\/v2\/posts"}],"about":[{"href":"https:\/\/serbenidorm.daliisolutions.com\/index.php\/wp-json\/wp\/v2\/types\/post"}],"replies":[{"embeddable":true,"href":"https:\/\/serbenidorm.daliisolutions.com\/index.php\/wp-json\/wp\/v2\/comments?post=16708"}],"version-history":[{"count":0,"href":"https:\/\/serbenidorm.daliisolutions.com\/index.php\/wp-json\/wp\/v2\/posts\/16708\/revisions"}],"wp:featuredmedia":[{"embeddable":true,"href":"https:\/\/serbenidorm.daliisolutions.com\/index.php\/wp-json\/wp\/v2\/media\/16709"}],"wp:attachment":[{"href":"https:\/\/serbenidorm.daliisolutions.com\/index.php\/wp-json\/wp\/v2\/media?parent=16708"}],"wp:term":[{"taxonomy":"category","embeddable":true,"href":"https:\/\/serbenidorm.daliisolutions.com\/index.php\/wp-json\/wp\/v2\/categories?post=16708"},{"taxonomy":"post_tag","embeddable":true,"href":"https:\/\/serbenidorm.daliisolutions.com\/index.php\/wp-json\/wp\/v2\/tags?post=16708"}],"curies":[{"name":"wp","href":"https:\/\/api.w.org\/{rel}","templated":true}]}}