{"id":16724,"date":"2025-07-09T08:20:04","date_gmt":"2025-07-09T06:20:04","guid":{"rendered":"https:\/\/serbenidorm.daliisolutions.com\/index.php\/2025\/07\/09\/xavier-fresquet-primera-cara-nueva-del-playas-de-benidorm-en-superliga-10\/"},"modified":"2025-07-09T08:20:04","modified_gmt":"2025-07-09T06:20:04","slug":"xavier-fresquet-primera-cara-nueva-del-playas-de-benidorm-en-superliga-10","status":"publish","type":"post","link":"https:\/\/serbenidorm.daliisolutions.com\/index.php\/2025\/07\/09\/xavier-fresquet-primera-cara-nueva-del-playas-de-benidorm-en-superliga-10\/","title":{"rendered":"Xavier Fresquet, primera cara nueva del Playas de Benidorm en Superliga"},"content":{"rendered":" <p>El catal\u00e1n Xavier Fresquet se ha convertido en el primer nuevo fichaje oficializado por el Servigroup Playas de Benidorm de cara a su nuevo proyecto en la Superliga Masculina y que aterriza en Benidorm procedente del Arenal Emev\u00e9.<\/p>  <p>Con tan solo 22 a\u00f1os, Fresquet acumula una amplia experiencia en la \u00e9lite del voleibol nacional tras militar en equipos como V\u00f3ley Palma, Pamesa Teruel y Arenal Emev\u00e9, todos ellos en Superliga, adem\u00e1s de su formaci\u00f3n en la prestigiosa concentraci\u00f3n permanente de Palencia y en el Centro de Alto Rendimiento de la Blume. A lo largo de su carrera, ha sido habitual en las categor\u00edas inferiores de la selecci\u00f3n espa\u00f1ola.<\/p>  <p>Jugador potente y de gran envergadura (346 cm de salto de ataque y 332 cm de bloqueo), destaca por su solvencia en la red, su actitud competitiva y su capacidad para leer el juego rival, convirti\u00e9ndose en un refuerzo de garant\u00edas para el centro de la red benidormense en una temporada hist\u00f3rica.<\/p>  <p>El entrenador del Servigroup Playas de Benidorm, Adriano Lamb, ha valorado la llegada de su nuevo pupilo destacando que \u201ces un central muy completo, con una gran lectura t\u00e1ctica y una calidad t\u00e9cnica que marca la diferencia. Su experiencia en Superliga, pese a su juventud, nos aporta solidez y confianza. Estamos muy ilusionados con su llegada, porque sabemos que es un jugador con ambici\u00f3n y con mucho recorrido por delante.\u201d<\/p> ","protected":false},"excerpt":{"rendered":"<p>El joven central catal\u00e1n llega al equipo de Adriano Lamb con una amplia experiencia en la m\u00e1xima categor\u00eda<\/p>\n","protected":false},"author":0,"featured_media":16725,"comment_status":"open","ping_status":"open","sticky":false,"template":"","format":"standard","meta":{"_acf_changed":false,"footnotes":""},"categories":[16],"tags":[],"class_list":["post-16724","post","type-post","status-publish","format-standard","has-post-thumbnail","hentry","category-deportes"],"acf":{"ser_id":"NCVF4RGTL5A3HFDTNFKHYM25O4","ser_url":"https:\/\/cadenaser.com\/comunitat-valenciana\/2025\/07\/02\/xavier-fresquet-primera-cara-nueva-del-playas-de-benidorm-en-superliga-radio-benidorm\/"},"_links":{"self":[{"href":"https:\/\/serbenidorm.daliisolutions.com\/index.php\/wp-json\/wp\/v2\/posts\/16724","targetHints":{"allow":["GET"]}}],"collection":[{"href":"https:\/\/serbenidorm.daliisolutions.com\/index.php\/wp-json\/wp\/v2\/posts"}],"about":[{"href":"https:\/\/serbenidorm.daliisolutions.com\/index.php\/wp-json\/wp\/v2\/types\/post"}],"replies":[{"embeddable":true,"href":"https:\/\/serbenidorm.daliisolutions.com\/index.php\/wp-json\/wp\/v2\/comments?post=16724"}],"version-history":[{"count":0,"href":"https:\/\/serbenidorm.daliisolutions.com\/index.php\/wp-json\/wp\/v2\/posts\/16724\/revisions"}],"wp:featuredmedia":[{"embeddable":true,"href":"https:\/\/serbenidorm.daliisolutions.com\/index.php\/wp-json\/wp\/v2\/media\/16725"}],"wp:attachment":[{"href":"https:\/\/serbenidorm.daliisolutions.com\/index.php\/wp-json\/wp\/v2\/media?parent=16724"}],"wp:term":[{"taxonomy":"category","embeddable":true,"href":"https:\/\/serbenidorm.daliisolutions.com\/index.php\/wp-json\/wp\/v2\/categories?post=16724"},{"taxonomy":"post_tag","embeddable":true,"href":"https:\/\/serbenidorm.daliisolutions.com\/index.php\/wp-json\/wp\/v2\/tags?post=16724"}],"curies":[{"name":"wp","href":"https:\/\/api.w.org\/{rel}","templated":true}]}}