{"id":16742,"date":"2025-07-09T08:33:44","date_gmt":"2025-07-09T06:33:44","guid":{"rendered":"https:\/\/serbenidorm.daliisolutions.com\/index.php\/2025\/07\/09\/diego-perez-un-jugon-al-servicio-del-servigroup-balonmano-benidorm-11\/"},"modified":"2025-07-09T08:33:44","modified_gmt":"2025-07-09T06:33:44","slug":"diego-perez-un-jugon-al-servicio-del-servigroup-balonmano-benidorm-11","status":"publish","type":"post","link":"https:\/\/serbenidorm.daliisolutions.com\/index.php\/2025\/07\/09\/diego-perez-un-jugon-al-servicio-del-servigroup-balonmano-benidorm-11\/","title":{"rendered":"Diego P\u00e9rez, un \u2018jug\u00f3n\u2019 al servicio del Servigroup Balonmano Benidorm"},"content":{"rendered":" <p>El Club Balonmano Benidorm sigue dando forma al equipo que, de nuevo bajo la batuta de Marko Krivokapi\u0107, defender\u00e1 los intereses del balonmano benidormense en la Divisi\u00f3n de Honor Plata en una temporada en la que el regreso a la liga Asobal ser\u00e1 el principal objetivo. Con esa finalidad, la entidad del Palau d\u2019Esports ha oficializado este jueves la llegada del pucelano Diego P\u00e9rez, que se convierte en el tercer fichaje confirmado despu\u00e9s de David Mach (portero) y Pol Roy (extremo izquierdo).<\/p>  <p>Formado en las categor\u00edas inferiores del equipo de su ciudad, P\u00e9rez lleg\u00f3 a debutar en la m\u00e1xima categor\u00eda de la mano del Atl\u00e9tico Valladolid en la temporada 2021-2022 justo antes de enrolarse en el Trops M\u00e1laga, con el que en la reci\u00e9n terminada temporada disput\u00f3 29 partidos consiguiendo 44 goles.<\/p>  <p>Con este movimiento, el central vallisoletano da un nuevo paso adelante en su carrera y, tras terminar en octava posici\u00f3n de la categor\u00eda de plata del balonmano nacional la campa\u00f1a 2024-2025, se suma a un proyecto con una meta mucho m\u00e1s ambiciosa como es el ascenso.<\/p>  <p>De hecho, nada m\u00e1s oficializarse su llegada al Balonmano Servigroup Benidorm, el propio Diego P\u00e9rez apuntaba a ese gran reto como uno de los principales motivos para haber elegido su nuevo destino. El ya central del Palau d\u2019Esports l\u2019Illa de Benidorm ha reconocido que \u201cme atrajo mucho la ambici\u00f3n del equipo a manos de Marko, que desde el primer momento me transmiti\u00f3 una idea clara y un proyecto competitivo\u201d. <\/p>  <p>As\u00ed mismo, en esa decisi\u00f3n de P\u00e9rez tambi\u00e9n ha pesado el historial del propio Club Balonmano Benidorm a la hora de permitir brillar a las j\u00f3venes promesas del balonmano explicando que \u201cadem\u00e1s de esa ambici\u00f3n, tambi\u00e9n han tenido un gran peso en mi decisi\u00f3n las ganas de seguir creciendo tanto en lo deportivo como en lo personal\u201d.<\/p>  <p>M\u00e1s all\u00e1 de los objetivos colectivos, Diego P\u00e9rez reconoce que \u201ca nivel individual, espero poder aportar compromiso, trabajo en equipo y un poco de experiencia en una liga tan dura como es la Divisi\u00f3n de Honor Plata. Mi objetivo es dar siempre el m\u00e1ximo para tratar de ayudar al equipo a conseguir el m\u00e1ximo objetivo posible\u201d.<\/p>  <p>Su nuevo entrenador, Marko Krivokapi\u0107 valor\u00f3 de forma muy clara la llegada de Diego P\u00e9rez al equipo: \u201ces un jug\u00f3n\u201d. <\/p>  <p>El t\u00e9cnico serbio puso en valor la gran versatilidad de su nuevo pupilo ya que, a su juicio, \u201ces un jugador que puede jugar en varias posiciones tanto en ataque como en defensa\u201d. Por ello, Krivokapi\u0107 considera que \u201cva a hacer una pareja perfecta con \u2018Juancar\u2019 y que, con esa pareja de centrales, \u201cvamos a tener una dupla que juega muy bien al balonmano\u201d ya que, como sucede con el propio Sempere, \u201cDiego tiene un gran conocimiento de este deporte\u201d.<\/p> ","protected":false},"excerpt":{"rendered":"<p>El joven central pucelano se compromete con el proyecto de ascenso del equipo del Palau<\/p>\n","protected":false},"author":0,"featured_media":16743,"comment_status":"open","ping_status":"open","sticky":false,"template":"","format":"standard","meta":{"_acf_changed":false,"footnotes":""},"categories":[16],"tags":[],"class_list":["post-16742","post","type-post","status-publish","format-standard","has-post-thumbnail","hentry","category-deportes"],"acf":{"ser_id":"ZGD46RRKKVC5DMOELJIQFBMLDM","ser_url":"https:\/\/cadenaser.com\/comunitat-valenciana\/2025\/07\/03\/diego-perez-un-jugon-al-servicio-del-servigroup-balonmano-benidorm-radio-benidorm\/"},"_links":{"self":[{"href":"https:\/\/serbenidorm.daliisolutions.com\/index.php\/wp-json\/wp\/v2\/posts\/16742","targetHints":{"allow":["GET"]}}],"collection":[{"href":"https:\/\/serbenidorm.daliisolutions.com\/index.php\/wp-json\/wp\/v2\/posts"}],"about":[{"href":"https:\/\/serbenidorm.daliisolutions.com\/index.php\/wp-json\/wp\/v2\/types\/post"}],"replies":[{"embeddable":true,"href":"https:\/\/serbenidorm.daliisolutions.com\/index.php\/wp-json\/wp\/v2\/comments?post=16742"}],"version-history":[{"count":0,"href":"https:\/\/serbenidorm.daliisolutions.com\/index.php\/wp-json\/wp\/v2\/posts\/16742\/revisions"}],"wp:featuredmedia":[{"embeddable":true,"href":"https:\/\/serbenidorm.daliisolutions.com\/index.php\/wp-json\/wp\/v2\/media\/16743"}],"wp:attachment":[{"href":"https:\/\/serbenidorm.daliisolutions.com\/index.php\/wp-json\/wp\/v2\/media?parent=16742"}],"wp:term":[{"taxonomy":"category","embeddable":true,"href":"https:\/\/serbenidorm.daliisolutions.com\/index.php\/wp-json\/wp\/v2\/categories?post=16742"},{"taxonomy":"post_tag","embeddable":true,"href":"https:\/\/serbenidorm.daliisolutions.com\/index.php\/wp-json\/wp\/v2\/tags?post=16742"}],"curies":[{"name":"wp","href":"https:\/\/api.w.org\/{rel}","templated":true}]}}