{"id":16748,"date":"2025-07-09T08:42:06","date_gmt":"2025-07-09T06:42:06","guid":{"rendered":"https:\/\/serbenidorm.daliisolutions.com\/index.php\/2025\/07\/09\/benidorm-se-abona-a-la-elite-del-voley-a-ritmo-de-superliga-12\/"},"modified":"2025-07-09T08:42:06","modified_gmt":"2025-07-09T06:42:06","slug":"benidorm-se-abona-a-la-elite-del-voley-a-ritmo-de-superliga-12","status":"publish","type":"post","link":"https:\/\/serbenidorm.daliisolutions.com\/index.php\/2025\/07\/09\/benidorm-se-abona-a-la-elite-del-voley-a-ritmo-de-superliga-12\/","title":{"rendered":"Benidorm se abona a la \u00e9lite del v\u00f3ley \u2018a ritmo de Superliga\u2019"},"content":{"rendered":" <p>El Ayuntamiento de Benidorm ha acogido este lunes la presentaci\u00f3n oficial de la campa\u00f1a de abonos del Club Voleibol Playas de Benidorm para la temporada 2025\/2026, un curso que marcar\u00e1 un antes y un despu\u00e9s en la historia deportiva de la ciudad y en el que el equipo masculino Servigroup Benidorm debutar\u00e1 en la Superliga Masculina, la m\u00e1xima categor\u00eda del voleibol espa\u00f1ol.<\/p>  <p>Bajo el lema \u2018Benidorm, a ritmo de Superliga\u2019, el club hace un llamamiento directo a la ciudadan\u00eda para llenar las gradas y apoyar al equipo en esta nueva aventura. \u201cQueremos que sea una temporada cargada de emoci\u00f3n, espect\u00e1culo y orgullo por la ciudad\u201d, ha asegurado el coordinador de la entidad, Ram\u00f3n Gonz\u00e1lez.<\/p>  <p>Por su parte, el concejal de Deportes de la capital tur\u00edstica, Javi Jord\u00e1, ha felicitado al club por este hist\u00f3rico ascenso y ha recalcado que se trata del \u201cresultado del trabajo constante, de una cantera s\u00f3lida y del compromiso de un club que no ha dejado de crecer\u201d. <\/p>  <p>Adem\u00e1s, esta presentaci\u00f3n tambi\u00e9n ha servido para oficializar una de las grandes novedades de la pr\u00f3xima campa\u00f1a: la \u2018mudanza\u2019 del equipo de Adriano Lamb desde el pabell\u00f3n Ra\u00fal Mesa al Palau d\u2019Esrports l\u2019Illa de Benidorm, donde jugar\u00e1 sus partidos a partir del pr\u00f3ximo mes de octubre. Jord\u00e1 ha mostrado su ilusi\u00f3n por ver al Palau lleno y ha animado a los vecinos de Benidorm a hacerse con su abono: \u201cVamos a vivir algo \u00fanico y merece la pena formar parte de ello\u201d.<\/p>  <p>El concejal tambi\u00e9n ha deseado al equipo una r\u00e1pida consolidaci\u00f3n en la Superliga y ha expresado su confianza en que este primer a\u00f1o \u201csea s\u00f3lo el inicio de una etapa larga y exitosa en la \u00e9lite del v\u00f3ley nacional\u201d.<\/p>  <p>Por su parte, Ram\u00f3n Gonz\u00e1lez ha puesto el foco en la importancia del apoyo desde la grada: \u201cEl respaldo de la afici\u00f3n ser\u00e1 clave. Queremos que cada punto se celebre con nuestra gente y que el Palau sea una aut\u00e9ntica fiesta del voleibol\u201d.<\/p>  <p>Con el objetivo de llegar al mayor n\u00famero posible de aficionados, el club ha establecido diferentes modalidades de abono. El abono individual tendr\u00e1 un coste de 35 euros; y el familiar, que incluye dos progenitores y dos hijos, cuesta 70 euros. Tambi\u00e9n se oferta un abono para padres o madres de jugadores del club por 30 euros; y un abono especial, con precio reducido de 10 euros, para menores de 16 a\u00f1os, jubilados, pensionistas o mayores de 65 a\u00f1os.<\/p>  <p>Ram\u00f3n Gonz\u00e1lez ha se\u00f1alado que con cualquiera de las modalidades, el abono tambi\u00e9n dar\u00e1 acceso a todos los encuentros que dispute el equipo femenino en la Superliga 2 Femenina y ha agregado que una vez empezada la liga, el precio de las entradas para los no abonados oscilar\u00e1n entre los 5 y los 10 euros, en el caso de los partidos con los equipos de la parte alta de la categor\u00eda.<\/p>  <p>La tramitaci\u00f3n de los abonos debe hacerse de forma online a trav\u00e9s de la web oficial del club, www.cvplayasdebenidorm.com. El proceso incluye la cumplimentaci\u00f3n de un formulario y el pago electr\u00f3nico. Una vez completado, el club confirmar\u00e1 la inscripci\u00f3n como abonado.<\/p>  <p>El plazo para abonarse ya est\u00e1 abierto y se mantendr\u00e1 activo hasta el d\u00eda anterior al primer partido de liga. Los carn\u00e9s podr\u00e1n recogerse en las oficinas del club o el mismo d\u00eda de partido en los accesos del Palau. Las fechas concretas se anunciar\u00e1n en las redes sociales oficiales.<\/p> ","protected":false},"excerpt":{"rendered":"<p>El Club Voleibol Playas de Benidorm lanza su campa\u00f1a de abonos para una temporada hist\u00f3rica en la m\u00e1xima categor\u00eda nacional<\/p>\n","protected":false},"author":0,"featured_media":16749,"comment_status":"open","ping_status":"open","sticky":false,"template":"","format":"standard","meta":{"_acf_changed":false,"footnotes":""},"categories":[16],"tags":[],"class_list":["post-16748","post","type-post","status-publish","format-standard","has-post-thumbnail","hentry","category-deportes"],"acf":{"ser_id":"NAPTCHVAOFAZDAVKSEKNMOVJKE","ser_url":"https:\/\/cadenaser.com\/comunitat-valenciana\/2025\/07\/08\/benidorm-se-abona-a-la-elite-del-voley-a-ritmo-de-superliga-radio-benidorm\/"},"_links":{"self":[{"href":"https:\/\/serbenidorm.daliisolutions.com\/index.php\/wp-json\/wp\/v2\/posts\/16748","targetHints":{"allow":["GET"]}}],"collection":[{"href":"https:\/\/serbenidorm.daliisolutions.com\/index.php\/wp-json\/wp\/v2\/posts"}],"about":[{"href":"https:\/\/serbenidorm.daliisolutions.com\/index.php\/wp-json\/wp\/v2\/types\/post"}],"replies":[{"embeddable":true,"href":"https:\/\/serbenidorm.daliisolutions.com\/index.php\/wp-json\/wp\/v2\/comments?post=16748"}],"version-history":[{"count":0,"href":"https:\/\/serbenidorm.daliisolutions.com\/index.php\/wp-json\/wp\/v2\/posts\/16748\/revisions"}],"wp:featuredmedia":[{"embeddable":true,"href":"https:\/\/serbenidorm.daliisolutions.com\/index.php\/wp-json\/wp\/v2\/media\/16749"}],"wp:attachment":[{"href":"https:\/\/serbenidorm.daliisolutions.com\/index.php\/wp-json\/wp\/v2\/media?parent=16748"}],"wp:term":[{"taxonomy":"category","embeddable":true,"href":"https:\/\/serbenidorm.daliisolutions.com\/index.php\/wp-json\/wp\/v2\/categories?post=16748"},{"taxonomy":"post_tag","embeddable":true,"href":"https:\/\/serbenidorm.daliisolutions.com\/index.php\/wp-json\/wp\/v2\/tags?post=16748"}],"curies":[{"name":"wp","href":"https:\/\/api.w.org\/{rel}","templated":true}]}}