{"id":16766,"date":"2025-07-09T09:00:49","date_gmt":"2025-07-09T07:00:49","guid":{"rendered":"https:\/\/serbenidorm.daliisolutions.com\/index.php\/2025\/07\/09\/feijoo-apuesta-por-la-continuidad-en-el-comite-ejecutivo-del-pp-donde-repiten-tres-valencianos-y-suma-a-perez-llorca-12\/"},"modified":"2025-07-09T09:00:49","modified_gmt":"2025-07-09T07:00:49","slug":"feijoo-apuesta-por-la-continuidad-en-el-comite-ejecutivo-del-pp-donde-repiten-tres-valencianos-y-suma-a-perez-llorca-12","status":"publish","type":"post","link":"https:\/\/serbenidorm.daliisolutions.com\/index.php\/2025\/07\/09\/feijoo-apuesta-por-la-continuidad-en-el-comite-ejecutivo-del-pp-donde-repiten-tres-valencianos-y-suma-a-perez-llorca-12\/","title":{"rendered":"Feij\u00f3o apuesta por la continuidad en el Comit\u00e9 Ejecutivo del PP, donde repiten tres valencianos, y suma a P\u00e9rez Llorca"},"content":{"rendered":" <p>El l\u00edder del Partido Popular, Alberto N\u00fa\u00f1ez Feij\u00f3o, ha apostado por la continuidad en el Comit\u00e9 Ejecutivo Nacional del PP que saldr\u00e1 del XXI Congreso nacional extraordinario, en el que de los 35 nombres repiten m\u00e1s de una quincena de cargos. Aunque en la candidatura ha buscado el equilibrio territorial, hay dos comunidades que salen reforzadas: Madrid y Galicia. Por su parte, tres valencianos repiten en este \u00f3rgano &#8211;Mar\u00eda Jos\u00e9 Catal\u00e1, Luis Barcala y Alberto Fabra&#8211;, mientras que se incorpora Juanfran P\u00e9rez Llorca.<\/p>  <p>De los cinco cargos de libre designaci\u00f3n a propuesta de Feij\u00f3o, cuatro de ellos repiten en el Comit\u00e9 Ejecutivo: la presidenta del PP de Lugo, Elena Cand\u00eda, la alcaldesa de Val\u00e8ncia, Mar\u00eda Jos\u00e9 Catal\u00e1, el exministro gallego Jos\u00e9 Manuel Romay Beccar\u00eda, y el exalcalde de Madrid, Manuel Cobo.<\/p>  <p>En esa terna de vocales designados por el presidente del PP, s\u00ed que hay una nueva incorporaci\u00f3n, la de la diputada madrile\u00f1a y portavoz adjunta del Grupo Popular en el Congreso, Cayetana \u00c1lvarez de Toledo, que dej\u00f3 de pertenecer a este \u00f3rgano tras ser destituida como portavoz parlamentaria por Pablo Casado en agosto de 2020.<\/p>  <p>Entre los vocales del Comit\u00e9 Ejecutivo que repiten, figura el alcalde de Madrid, Jos\u00e9 Luis Mart\u00ednez Almeida; el alcalde de Alicante, Luis Barcala; la diputada por Baleares Sandra Fern\u00e1ndez Herranz; la responsable de Justicia, Interior y Defensa del PP, Cuca Gamarra; la alcaldesa de Guadalajara, Ana Guarinos; y el secretario del PP de Madrid, Alfonso Serrano.<\/p>  <p>Adem\u00e1s, repiten en sus mismos puestos el presidente del Comit\u00e9 Electoral Nacional del PP, el gallego Diego Calvo, que es a su vez vicepresidente de la Xunta de Galicia; y el presidente del Comit\u00e9 de Derechos y Garant\u00edas del PP, el extreme\u00f1o Jos\u00e9 Antonio Monago.<\/p>  <p>Tambi\u00e9n siguen formando parte del Comit\u00e9 Ejecutivo la presidenta del Parlamento de Cantabria, Mar\u00eda Jos\u00e9 Gonz\u00e1lez Revuelta, el expresidente de la Comunitat Valenciana Alberto Fabra, la diputada por Melilla Sof\u00eda Acedo, el vicesecretario de Pol\u00edtica Auton\u00f3mica y Municipal del PP, El\u00edas Bendodo, o el diputado gallego Francisco Conde.<\/p>  <p>Otros cargos, como el primer teniente de Oviedo Mario Arias, dejan la Junta Directiva Nacional en la que se incorporaron en 2022 para formar parte ahora del nuevo Comit\u00e9 Ejecutivo. Eso mismo ocurre con la vicepresidenta y consejera Familia de Castilla y Le\u00f3n, Isabel Blanco.<\/p>  <p>En su lista para el Comit\u00e9 Ejecutivo Feij\u00f3o ha realizado tambi\u00e9n nuevas incorporaciones, como la del valenciano Juanfran P\u00e9rez Llorca, que es s\u00edndic del PP en Les Corts; el catal\u00e1n Daniel Sirera, portavoz adjunto del PP en el Ayuntamiento de Barcelona; o el navarro Sergio Sayas, que ocupa una de las Portavoc\u00edas adjuntas del Grupo Popular en el Congreso.<\/p>  <p>Adem\u00e1s, el l\u00edder del PP ha incluido en su Comit\u00e9 Ejecutivo en esta nueva etapa a la alcaldesa de Cartagena, Noelia Arroyo, la senadora aragonesa Roc\u00edo D\u00edvar, la diputada murciana Miriam Guardiola; el secretario general del PP andaluz, Antonio Repullo; y el consejero de Presidencia andaluz, Antonio Sanz.<\/p>  <p>Entre las nuevas incorporaciones figura tambi\u00e9n la portavoz del PP en el Ayuntamiento de Rivas (Madrid), Janette Novo; el diputado y el exconcejal madrile\u00f1o Jos\u00e9 Enrique N\u00fa\u00f1ez Guijarro, ambos por la cuota madrile\u00f1a del PP en la regi\u00f3n que preside Isabel D\u00edaz Ayuso.<\/p>  <p><\/p>  <p><\/p>  <p><\/p>  <p><\/p> ","protected":false},"excerpt":{"rendered":"<p>La alcaldesa de Val\u00e8ncia, Mar\u00eda Jos\u00e9 Catal\u00e1, el alcalde de Alicante, Luis Barcala y el ex president Alberto Fabra, repiten<\/p>\n","protected":false},"author":0,"featured_media":16767,"comment_status":"open","ping_status":"open","sticky":false,"template":"","format":"standard","meta":{"_acf_changed":false,"footnotes":""},"categories":[1],"tags":[],"class_list":["post-16766","post","type-post","status-publish","format-standard","has-post-thumbnail","hentry","category-sin-categoria"],"acf":{"ser_id":"QA2J5BTTMVCPRNS5I6SM4WWVZE","ser_url":"https:\/\/cadenaser.com\/comunitat-valenciana\/2025\/07\/05\/feijoo-apuesta-por-la-continuidad-en-el-comite-ejecutivo-del-pp-donde-repiten-tres-valencianos-y-suma-a-perez-llorca-radio-valencia\/"},"_links":{"self":[{"href":"https:\/\/serbenidorm.daliisolutions.com\/index.php\/wp-json\/wp\/v2\/posts\/16766","targetHints":{"allow":["GET"]}}],"collection":[{"href":"https:\/\/serbenidorm.daliisolutions.com\/index.php\/wp-json\/wp\/v2\/posts"}],"about":[{"href":"https:\/\/serbenidorm.daliisolutions.com\/index.php\/wp-json\/wp\/v2\/types\/post"}],"replies":[{"embeddable":true,"href":"https:\/\/serbenidorm.daliisolutions.com\/index.php\/wp-json\/wp\/v2\/comments?post=16766"}],"version-history":[{"count":0,"href":"https:\/\/serbenidorm.daliisolutions.com\/index.php\/wp-json\/wp\/v2\/posts\/16766\/revisions"}],"wp:featuredmedia":[{"embeddable":true,"href":"https:\/\/serbenidorm.daliisolutions.com\/index.php\/wp-json\/wp\/v2\/media\/16767"}],"wp:attachment":[{"href":"https:\/\/serbenidorm.daliisolutions.com\/index.php\/wp-json\/wp\/v2\/media?parent=16766"}],"wp:term":[{"taxonomy":"category","embeddable":true,"href":"https:\/\/serbenidorm.daliisolutions.com\/index.php\/wp-json\/wp\/v2\/categories?post=16766"},{"taxonomy":"post_tag","embeddable":true,"href":"https:\/\/serbenidorm.daliisolutions.com\/index.php\/wp-json\/wp\/v2\/tags?post=16766"}],"curies":[{"name":"wp","href":"https:\/\/api.w.org\/{rel}","templated":true}]}}