{"id":16776,"date":"2025-07-09T09:00:56","date_gmt":"2025-07-09T07:00:56","guid":{"rendered":"https:\/\/serbenidorm.daliisolutions.com\/index.php\/2025\/07\/09\/el-balonmano-servigroup-benidorm-apuesta-por-la-juventud-con-pol-roy-13\/"},"modified":"2025-07-09T09:00:56","modified_gmt":"2025-07-09T07:00:56","slug":"el-balonmano-servigroup-benidorm-apuesta-por-la-juventud-con-pol-roy-13","status":"publish","type":"post","link":"https:\/\/serbenidorm.daliisolutions.com\/index.php\/2025\/07\/09\/el-balonmano-servigroup-benidorm-apuesta-por-la-juventud-con-pol-roy-13\/","title":{"rendered":"El Balonmano Servigroup Benidorm apuesta por la juventud con Pol Roy"},"content":{"rendered":" <p>Despu\u00e9s de completar una temporada de ensue\u00f1o en el Handbol Sant Quirze en Primera Nacional, donde super\u00f3 la marca de 80 goles en su temporada de debut, Pol Roy se gan\u00f3 con creces una primera experiencia en la liga Asobal de la mano del Tubos Aranda, donde en el pasado curso confirm\u00f3 las grandes expectativas levantadas disputando m\u00e1s de una veintena de partidos, a los que hay que sumar cinco de Copa del Rey, logrando un total de 34 goles, unas cifras que le han hecho merecedor de la confianza de Marko Krivokapi\u0107 para enrolarse en el proyecto del Club Balonmano Benidorm de cara a la temporada 2025-2026.<\/p>  <p>Nacido en Barcelona el 19 de septiembre de 2005, Roy celebrar\u00e1 su 20\u00ba cumplea\u00f1os apenas una semana despu\u00e9s de arrancar la competici\u00f3n en la Divisi\u00f3n de Honor Plata con la visita que el Balonmano Servigroup Benidorm debe rendir en la primera jornada a la cancha del UBU San Pablo Burgos.<\/p>  <p>Tras formarse en la cantera del Bar\u00e7a, con el que se proclam\u00f3 campe\u00f3n de Espa\u00f1a Juvenil, Roy ha mantenido su prometedora progresi\u00f3n y ahora, en el Balonmano Servigroup Benidorm tendr\u00e1 la oportunidad no s\u00f3lo de seguir desarrollando su juego, sino de dar un paso al frente en cuanto a su peso espec\u00edfico dentro del vestuario.<\/p>  <p>El extremo izquierdo catal\u00e1n ha sido, adem\u00e1s, cinco veces internacional con la selecci\u00f3n promesas en el Festival Ol\u00edmpico de la Juventud Europea y es un fijo en las concentraciones de tecnificaci\u00f3n que se realizan en el Centro de Alto Rendimiento de Sierra Nevada.<\/p>  <p>Tras hacerse oficial su fichaje por el Balonmano Servigroup Benidorm Pol Roy ha explicado que uno de los motivos por los que ha optado por el proyecto del equipo del Palau d\u2019Esports es que \u201ces un equipo que ha estado en la \u00e9lite del balonmano durante muchos a\u00f1os y hasta hace nada estaba jugando en competiciones europeas\u201d.<\/p>  <p>En cuanto a la pr\u00f3xima temporada, Roy considera que el que dirigir\u00e1 desde el banquillo Marko Krivokapi\u0107 es un \u201cproyecto muy ambicioso\u201d con un \u00fanico objetivo que no es otro que \u201cdevolver al Balonmano Servigroup Benidorm al lugar en el que merece estar\u201d y se muestra \u201cseguro de que trabajaremos genial para conseguirlo\u201d.<\/p>  <p>Adem\u00e1s, y en el plano individual, el extremo izquierdo catal\u00e1n reconoce que espera \u201cpoder aportar mi peque\u00f1o granito de arena tanto en defensa como en ataque y ser un compa\u00f1ero m\u00e1s para que haya buen rollo en el equipo y que nos unamos todos para conseguir el objetivo conjunto\u201d.<\/p>  <p>El que ser\u00e1 su nuevo entrenador, Marko Krivokapi\u0107, ha valorado que Pol Roy \u201ces un jugador con experiencia en liga Asobal\u201d y destaca de \u00e9l que es \u201cun buen finalizador con mucha velocidad\u201d. Sobre todo, subraya que \u201ces un jugador de calidad y diferente al otro jugador que tenemos para ese mismo puesto\u201d.<\/p> ","protected":false},"excerpt":{"rendered":"<p>El extremo izquierdo se pondr\u00e1 a las \u00f3rdenes de Marco Krivokapi\u0107 tras su debut en Asobal<\/p>\n","protected":false},"author":0,"featured_media":16777,"comment_status":"open","ping_status":"open","sticky":false,"template":"","format":"standard","meta":{"_acf_changed":false,"footnotes":""},"categories":[16],"tags":[],"class_list":["post-16776","post","type-post","status-publish","format-standard","has-post-thumbnail","hentry","category-deportes"],"acf":{"ser_id":"ANLYQXKPQNFQBBGXQFDKM4V5SQ","ser_url":"https:\/\/cadenaser.com\/comunitat-valenciana\/2025\/07\/02\/el-balonmano-servigroup-benidorm-apuesta-por-la-juventud-con-pol-roy-radio-benidorm\/"},"_links":{"self":[{"href":"https:\/\/serbenidorm.daliisolutions.com\/index.php\/wp-json\/wp\/v2\/posts\/16776","targetHints":{"allow":["GET"]}}],"collection":[{"href":"https:\/\/serbenidorm.daliisolutions.com\/index.php\/wp-json\/wp\/v2\/posts"}],"about":[{"href":"https:\/\/serbenidorm.daliisolutions.com\/index.php\/wp-json\/wp\/v2\/types\/post"}],"replies":[{"embeddable":true,"href":"https:\/\/serbenidorm.daliisolutions.com\/index.php\/wp-json\/wp\/v2\/comments?post=16776"}],"version-history":[{"count":0,"href":"https:\/\/serbenidorm.daliisolutions.com\/index.php\/wp-json\/wp\/v2\/posts\/16776\/revisions"}],"wp:featuredmedia":[{"embeddable":true,"href":"https:\/\/serbenidorm.daliisolutions.com\/index.php\/wp-json\/wp\/v2\/media\/16777"}],"wp:attachment":[{"href":"https:\/\/serbenidorm.daliisolutions.com\/index.php\/wp-json\/wp\/v2\/media?parent=16776"}],"wp:term":[{"taxonomy":"category","embeddable":true,"href":"https:\/\/serbenidorm.daliisolutions.com\/index.php\/wp-json\/wp\/v2\/categories?post=16776"},{"taxonomy":"post_tag","embeddable":true,"href":"https:\/\/serbenidorm.daliisolutions.com\/index.php\/wp-json\/wp\/v2\/tags?post=16776"}],"curies":[{"name":"wp","href":"https:\/\/api.w.org\/{rel}","templated":true}]}}