{"id":1682,"date":"2024-01-24T11:37:42","date_gmt":"2024-01-24T10:37:42","guid":{"rendered":"https:\/\/serbenidorm.daliisolutions.com\/index.php\/2024\/01\/24\/el-benidorm-fest-cambia-de-jurado-a-una-semana-de-la-primera-semifinal\/"},"modified":"2024-01-24T11:37:42","modified_gmt":"2024-01-24T10:37:42","slug":"el-benidorm-fest-cambia-de-jurado-a-una-semana-de-la-primera-semifinal","status":"publish","type":"post","link":"https:\/\/serbenidorm.daliisolutions.com\/index.php\/2024\/01\/24\/el-benidorm-fest-cambia-de-jurado-a-una-semana-de-la-primera-semifinal\/","title":{"rendered":"El Benidorm Fest cambia de jurado a una semana de la primera semifinal"},"content":{"rendered":"  <p>Benidorm<\/p>   <p>Queda menos de una semana para que el martes, 30 de enero, se celebre en el Palau d\u2019Esports l\u2019Illa de Benidorm la primera de las dos semifinales de la tercera edici\u00f3n del Benidorm Fest. En la capital tur\u00edstica de la Costa Blanca, que hoy mi\u00e9rcoles presentar\u00e1 en Fitur el \u2018Tapas Fest\u2019, la ruta gastron\u00f3mica vinculada al certamen, ya est\u00e1 todo preparado para recibir a los miles de \u2018eurofans\u2019 que se espera que desembarquen en la ciudad durante toda la semana y, sobre todo, en la v\u00edspera de la gran final, programada para el s\u00e1bado, 3 de febrero.<\/p>   <p>A falta de s\u00f3lo seis d\u00edas para esa primera semifinal, Radio Televisi\u00f3n Espa\u00f1ola (RTVE), organizadora del programa-concurso del que saldr\u00e1 el pr\u00f3ximo representante espa\u00f1ol en Eurovisi\u00f3n, ha anunciado un cambio en la composici\u00f3n del jurado profesional encargado de valorar las actuaciones de los 16 aspirantes.<\/p>   <p>Esta modificaci\u00f3n llega producida por la imposibilidad de desplazarse hasta Benidorm por motivos personales del jefe de la delegaci\u00f3n de Pa\u00edses Bajos en Eurovisi\u00f3n, Twan van de Nieuwenhuijzen, cuya baja ser\u00e1 cubierta por su hom\u00f3loga polaca, Marta Piekarska.<\/p>   <p>En su comunicado, RTVE ha explicado que Piekarska es una profesional de la Televisi\u00f3n P\u00fablica de Polonia (TVP) que ha dirigido multitud de proyectos incluyendo festivales, producciones internacionales, concursos y conciertos en directo con artistas polacos e internacionales. Adem\u00e1s, fue la responsable del Festival de Eurovisi\u00f3n Junior en las ediciones de 2019 y 2020 que se celebraron en Polonia.<\/p>   <p>As\u00ed las cosas, el jurado profesional del Benidorm Fest 2024 estar\u00e1 formado por ocho expertos; cuatro nacionales y cuatro internacionales. La portavoz ser\u00e1 la cantante, compositora, actriz y bailarina Beatriz Luengo. Lo completan \u00c1ngela Carrasco, cantante, actriz y coach vocal; Carlos Baute, cantante, compositor, actor y presentador; Guille Milkway, productor musical y cantante del conocido grupo La Casa Azul; Lee Smithurst, jefe de la delegaci\u00f3n brit\u00e1nica en Eurovisi\u00f3n y productor ejecutivo del Festival de Eurovisi\u00f3n 2023 en Liverpool; David Tserunyan, jefe de la delegaci\u00f3n de Armenia que fue miembro del grupo de referencia de Eurovisi\u00f3n y el productor ejecutivo de Eurovisi\u00f3n Junior 2022 en Erev\u00e1n (Armenia); Nicoline Refsing, directora creativa de actuaciones art\u00edsticas, programas de televisi\u00f3n y giras musicales; y la ya mencionada Marta Piekarska.<\/p> ","protected":false},"excerpt":{"rendered":"<p>La jefa de la delegaci\u00f3n polaca en Eurovisi\u00f3n, Marta Piekarska, sustituye a su hom\u00f3logo de Pa\u00edses Bajos<\/p>\n","protected":false},"author":0,"featured_media":1683,"comment_status":"open","ping_status":"open","sticky":false,"template":"","format":"standard","meta":{"_acf_changed":false,"footnotes":""},"categories":[1],"tags":[],"class_list":["post-1682","post","type-post","status-publish","format-standard","has-post-thumbnail","hentry","category-sin-categoria"],"acf":{"ser_id":"7TUXR3FTQJEILLEZ7DMOLICWHE","ser_url":"https:\/\/cadenaser.com\/comunitat-valenciana\/2024\/01\/24\/el-benidorm-fest-cambia-de-jurado-a-una-semana-de-la-primera-semifinal-radio-benidorm\/"},"_links":{"self":[{"href":"https:\/\/serbenidorm.daliisolutions.com\/index.php\/wp-json\/wp\/v2\/posts\/1682","targetHints":{"allow":["GET"]}}],"collection":[{"href":"https:\/\/serbenidorm.daliisolutions.com\/index.php\/wp-json\/wp\/v2\/posts"}],"about":[{"href":"https:\/\/serbenidorm.daliisolutions.com\/index.php\/wp-json\/wp\/v2\/types\/post"}],"replies":[{"embeddable":true,"href":"https:\/\/serbenidorm.daliisolutions.com\/index.php\/wp-json\/wp\/v2\/comments?post=1682"}],"version-history":[{"count":0,"href":"https:\/\/serbenidorm.daliisolutions.com\/index.php\/wp-json\/wp\/v2\/posts\/1682\/revisions"}],"wp:featuredmedia":[{"embeddable":true,"href":"https:\/\/serbenidorm.daliisolutions.com\/index.php\/wp-json\/wp\/v2\/media\/1683"}],"wp:attachment":[{"href":"https:\/\/serbenidorm.daliisolutions.com\/index.php\/wp-json\/wp\/v2\/media?parent=1682"}],"wp:term":[{"taxonomy":"category","embeddable":true,"href":"https:\/\/serbenidorm.daliisolutions.com\/index.php\/wp-json\/wp\/v2\/categories?post=1682"},{"taxonomy":"post_tag","embeddable":true,"href":"https:\/\/serbenidorm.daliisolutions.com\/index.php\/wp-json\/wp\/v2\/tags?post=1682"}],"curies":[{"name":"wp","href":"https:\/\/api.w.org\/{rel}","templated":true}]}}