{"id":1684,"date":"2024-01-24T16:52:01","date_gmt":"2024-01-24T15:52:01","guid":{"rendered":"https:\/\/serbenidorm.daliisolutions.com\/index.php\/2024\/01\/24\/vii-trail-monte-ponoig-cita-primaveral-en-pleno-invierno-en-polop\/"},"modified":"2024-01-24T16:52:01","modified_gmt":"2024-01-24T15:52:01","slug":"vii-trail-monte-ponoig-cita-primaveral-en-pleno-invierno-en-polop","status":"publish","type":"post","link":"https:\/\/serbenidorm.daliisolutions.com\/index.php\/2024\/01\/24\/vii-trail-monte-ponoig-cita-primaveral-en-pleno-invierno-en-polop\/","title":{"rendered":"VII Trail Monte Ponoig: Cita primaveral en pleno invierno en Polop"},"content":{"rendered":"  <p>Benidorm<\/p>   <p>La s\u00e9ptima edici\u00f3n del Trail Monte Ponoig de Polop de la Marina se disputar\u00e1 el este domingo, 28 de enero de 2024, con la novedad de que este a\u00f1o se la prueba forma parte de Circuit Trail La Marina.<\/p>   <p>Tal y como han explicado hoy en SER Deportivos Marina Baixa el organizador de la prueba, Jos\u00e9 Lled\u00f3, y la concejala de Deportes de la localidad, \u00c1ngela Fuster, la cita cuenta ya con m\u00e1s de 400 inscritos si bien los m\u00e1s rezagados todav\u00eda est\u00e1n a tiempo (hasta las 23:59 horas de este mi\u00e9rcoles) de formalizar su inscripci\u00f3n a trav\u00e9s de la web <a href=\"http:\/\/www.mychip.es\/\" rel=\"nofollow\">www.mychip.es<\/a>.<\/p>   <p>En esta ocasi\u00f3n, se han preparado tres recorridos. Todos partir\u00e1n desde la plaza de La Ermita y el m\u00e1s duro, el de 24 kil\u00f3metros, lo har\u00e1 a las 8:30 horas. Adem\u00e1s, a las nueve de la ma\u00f1ana, se dar\u00e1 la salida a la prueba sprint, de 16 kil\u00f3metros y a la propuesta senderista (no competitiva) de 10 kil\u00f3metros.<\/p>   <p>Adem\u00e1s de por su claro inter\u00e9s deportivo, tal y como ha explicado Fuster, el Trail Monte Ponoig destaca por su indudable valor como elemento promocional del destino de Polop, que se sigue posicionando como un referente en este sentido despu\u00e9s de haber sido reciente sede de un torneo de \u2018La Roja\u2019 Sub-15 y tener ya previstas otras importantes y novedosas citas en el futuro m\u00e1s inmediato.<\/p> ","protected":false},"excerpt":{"rendered":"<p>Con m\u00e1s de 400 inscritos la edici\u00f3n de 2024 supone ya todo un \u00e9xito para la prueba polopina<\/p>\n","protected":false},"author":0,"featured_media":1685,"comment_status":"open","ping_status":"open","sticky":false,"template":"","format":"standard","meta":{"_acf_changed":false,"footnotes":""},"categories":[16],"tags":[],"class_list":["post-1684","post","type-post","status-publish","format-standard","has-post-thumbnail","hentry","category-deportes"],"acf":{"ser_id":"LSSI7SH2HZE6VAOC5JKYKC7M6A","ser_url":"https:\/\/cadenaser.com\/comunitat-valenciana\/2024\/01\/24\/vii-trail-monte-ponoig-cita-primaveral-en-pleno-invierno-en-polop-radio-benidorm\/"},"_links":{"self":[{"href":"https:\/\/serbenidorm.daliisolutions.com\/index.php\/wp-json\/wp\/v2\/posts\/1684","targetHints":{"allow":["GET"]}}],"collection":[{"href":"https:\/\/serbenidorm.daliisolutions.com\/index.php\/wp-json\/wp\/v2\/posts"}],"about":[{"href":"https:\/\/serbenidorm.daliisolutions.com\/index.php\/wp-json\/wp\/v2\/types\/post"}],"replies":[{"embeddable":true,"href":"https:\/\/serbenidorm.daliisolutions.com\/index.php\/wp-json\/wp\/v2\/comments?post=1684"}],"version-history":[{"count":0,"href":"https:\/\/serbenidorm.daliisolutions.com\/index.php\/wp-json\/wp\/v2\/posts\/1684\/revisions"}],"wp:featuredmedia":[{"embeddable":true,"href":"https:\/\/serbenidorm.daliisolutions.com\/index.php\/wp-json\/wp\/v2\/media\/1685"}],"wp:attachment":[{"href":"https:\/\/serbenidorm.daliisolutions.com\/index.php\/wp-json\/wp\/v2\/media?parent=1684"}],"wp:term":[{"taxonomy":"category","embeddable":true,"href":"https:\/\/serbenidorm.daliisolutions.com\/index.php\/wp-json\/wp\/v2\/categories?post=1684"},{"taxonomy":"post_tag","embeddable":true,"href":"https:\/\/serbenidorm.daliisolutions.com\/index.php\/wp-json\/wp\/v2\/tags?post=1684"}],"curies":[{"name":"wp","href":"https:\/\/api.w.org\/{rel}","templated":true}]}}