{"id":16892,"date":"2025-07-09T10:42:02","date_gmt":"2025-07-09T08:42:02","guid":{"rendered":"https:\/\/serbenidorm.daliisolutions.com\/index.php\/2025\/07\/09\/feliciano-nunes-versatilidad-en-el-lateral-derecho-para-el-balonmano-servigroup-benidorm-19\/"},"modified":"2025-07-09T10:42:02","modified_gmt":"2025-07-09T08:42:02","slug":"feliciano-nunes-versatilidad-en-el-lateral-derecho-para-el-balonmano-servigroup-benidorm-19","status":"publish","type":"post","link":"https:\/\/serbenidorm.daliisolutions.com\/index.php\/2025\/07\/09\/feliciano-nunes-versatilidad-en-el-lateral-derecho-para-el-balonmano-servigroup-benidorm-19\/","title":{"rendered":"Feliciano Nunes, versatilidad en el lateral derecho para el Balonmano Servigroup Benidorm"},"content":{"rendered":" <p>A menos de un mes para que d\u00e9 comienzo la pretemporada de su primer equipo, el Club Balonmano Benidorm sigue confeccionando la plantilla que defender\u00e1 sus intereses en la Divisi\u00f3n de Honor Plata con la incorporaci\u00f3n del lateral derecho angole\u00f1o Feliciano Nunes Couveiro.<\/p>  <p>A sus 25 a\u00f1os, Nunes llega procedente del CSM Odorheiu para afrontar la que ser\u00e1 su primera temporada en el balonmano espa\u00f1ol. Con una altura de 1,92 metros y un peso de 87 kilos, el lateral angole\u00f1o es todo un desconocido para el p\u00fablico benidormense, aunque ya cuenta con experiencia contrastada en la m\u00e1xima categor\u00eda de una gran competici\u00f3n europea tras haber pasado dos a\u00f1os en el ABC de la I Divis\u00e3o Andebol portuguesa.<\/p>  <p>Nunes se convierte as\u00ed en una de las caras nuevas de un Balonmano Servigroup Benidorm que arrancar\u00e1 su participaci\u00f3n en la Divisi\u00f3n de Honor Plata el pr\u00f3ximo d\u00eda 13 de septiembre visitando la cancha del UBU San Pablo Burgos con la misi\u00f3n de regresar a la m\u00e1xima categor\u00eda nacional.<\/p>  <p>Antes de su desembarco en el Palau d\u2019Esports l\u2019Illa de Benidorm, el lateral angole\u00f1o se ha mostrado \u201cmuy contento por la oportunidad que me ha brindado el Club Balonmano Benidorm de formar parte de este ambicioso proyecto\u201d. <\/p>  <p>\u201cVamos a pelear por conseguir el ascenso a la liga Asobal y estoy deseando comenzar la temporada cuanto antes\u201d, ha asegurado un Nunes que quiere \u201caportar el m\u00e1ximo al grupo desde el primer d\u00eda\u201d.<\/p>  <p>Por su parte, el que ser\u00e1 su entrenador durante la pr\u00f3xima campa\u00f1a, Marko Krivocapic, explica que \u201cFeliciano es un jugador con un tiro muy potente y con mucha experiencia\u201d. Adem\u00e1s, el t\u00e9cnico serbio destaca del lateral angole\u00f1o que \u201ces un jugador que nos puede aportar mucho tanto en ataque como en defensa\u201d y que, gracias a su incorporaci\u00f3n, \u201cvamos a tener dos jugadores muy diferentes para esa posici\u00f3n del lateral derecho\u201d.<\/p> ","protected":false},"excerpt":{"rendered":"<p>El jugador angole\u00f1o se une al proyecto de Marko Krivocapic para la temporada 2025-2026<\/p>\n","protected":false},"author":0,"featured_media":16893,"comment_status":"open","ping_status":"open","sticky":false,"template":"","format":"standard","meta":{"_acf_changed":false,"footnotes":""},"categories":[16],"tags":[],"class_list":["post-16892","post","type-post","status-publish","format-standard","has-post-thumbnail","hentry","category-deportes"],"acf":{"ser_id":"DPSZNLLK2JHMXFMEG5YIKF3HXA","ser_url":"https:\/\/cadenaser.com\/comunitat-valenciana\/2025\/07\/08\/feliciano-nunes-versatilidad-en-el-lateral-derecho-para-el-balonmano-servigroup-benidorm-radio-benidorm\/"},"_links":{"self":[{"href":"https:\/\/serbenidorm.daliisolutions.com\/index.php\/wp-json\/wp\/v2\/posts\/16892","targetHints":{"allow":["GET"]}}],"collection":[{"href":"https:\/\/serbenidorm.daliisolutions.com\/index.php\/wp-json\/wp\/v2\/posts"}],"about":[{"href":"https:\/\/serbenidorm.daliisolutions.com\/index.php\/wp-json\/wp\/v2\/types\/post"}],"replies":[{"embeddable":true,"href":"https:\/\/serbenidorm.daliisolutions.com\/index.php\/wp-json\/wp\/v2\/comments?post=16892"}],"version-history":[{"count":0,"href":"https:\/\/serbenidorm.daliisolutions.com\/index.php\/wp-json\/wp\/v2\/posts\/16892\/revisions"}],"wp:featuredmedia":[{"embeddable":true,"href":"https:\/\/serbenidorm.daliisolutions.com\/index.php\/wp-json\/wp\/v2\/media\/16893"}],"wp:attachment":[{"href":"https:\/\/serbenidorm.daliisolutions.com\/index.php\/wp-json\/wp\/v2\/media?parent=16892"}],"wp:term":[{"taxonomy":"category","embeddable":true,"href":"https:\/\/serbenidorm.daliisolutions.com\/index.php\/wp-json\/wp\/v2\/categories?post=16892"},{"taxonomy":"post_tag","embeddable":true,"href":"https:\/\/serbenidorm.daliisolutions.com\/index.php\/wp-json\/wp\/v2\/tags?post=16892"}],"curies":[{"name":"wp","href":"https:\/\/api.w.org\/{rel}","templated":true}]}}