{"id":16906,"date":"2025-07-09T10:50:45","date_gmt":"2025-07-09T08:50:45","guid":{"rendered":"https:\/\/serbenidorm.daliisolutions.com\/index.php\/2025\/07\/09\/golpe-de-calor-la-fiebre-alta-es-la-principal-senal-de-alarma-19\/"},"modified":"2025-07-09T10:50:45","modified_gmt":"2025-07-09T08:50:45","slug":"golpe-de-calor-la-fiebre-alta-es-la-principal-senal-de-alarma-19","status":"publish","type":"post","link":"https:\/\/serbenidorm.daliisolutions.com\/index.php\/2025\/07\/09\/golpe-de-calor-la-fiebre-alta-es-la-principal-senal-de-alarma-19\/","title":{"rendered":"Golpe de calor: \u00abLa fiebre alta es la principal se\u00f1al de alarma\u00bb"},"content":{"rendered":" <p>El departamento de Salud Marina Baixa ha registrado un ligero repunte en el n\u00famero de atenciones a pacientes que sufren efectos nocivos motivados por las altas temperaturas con respecto a a\u00f1os anteriores. <\/p>  <p>El gerente del departamento,<a href=\"https:\/\/cadenaser.com\/comunitat-valenciana\/2023\/08\/22\/las-prioridades-del-nuevo-responsable-de-salud-en-la-marina-baixa-falta-de-camas-hospitalarias-saturacion-de-urgencias-o-demora-de-consultas-radio-benidorm\/\" target=\"_blank\" rel=\"nofollow\" title=\"https:\/\/cadenaser.com\/comunitat-valenciana\/2023\/08\/22\/las-prioridades-del-nuevo-responsable-de-salud-en-la-marina-baixa-falta-de-camas-hospitalarias-saturacion-de-urgencias-o-demora-de-consultas-radio-benidorm\/\"> Pascual Pastor<\/a>, han indicado en <a href=\"https:\/\/radiobenidorm.es\" target=\"_blank\" rel=\"nofollow\" title=\"https:\/\/radiobenidorm.es\">Hoy por Hoy Benidorm<\/a> que la mayor\u00eda de los afectados no llegan al ingreso hospitalario porque \u00abpueden resolver los s\u00edntomas en casa o siguiendo indicaciones b\u00e1sicas del centro de salud\u00bb. Sin embargo alerta que si no se atiende a la se\u00f1ales a tiempo, las afecciones por altas temperaturas pueden desembocar en un <a href=\"https:\/\/cadenaser.com\/comunitat-valenciana\/2025\/07\/04\/primera-victima-mortal-del-verano-por-golpe-de-calor-en-la-marina-baixa-radio-benidorm\/\" target=\"_blank\" rel=\"nofollow\" title=\"https:\/\/cadenaser.com\/comunitat-valenciana\/2025\/07\/04\/primera-victima-mortal-del-verano-por-golpe-de-calor-en-la-marina-baixa-radio-benidorm\/\">golpe de salud con consecuencias mucho m\u00e1s severa que pueden llegar a causar, incluso, la muerte. <\/a><\/p>  <p>Pastor ha explicado que el paciente puede sufrir \u00abestr\u00e9s por calor\u00bb cuando se sienta mareado, cansado y sin fuerzas, pero que si a esos s\u00edntomas sumamos \u00abfiebres altas que rozan los 40 grados, confusi\u00f3n mental o p\u00e9rdida de conciencia\u00bb, estamos ante un golpe de calor. En el segundo de los casos la recomendaci\u00f3n es llamar al 112 para dar parte de la situaci\u00f3n y tratar de refrigerar la estancia \u00absin someter a la persona a cambios muy bruscos de temperatura\u00bb. <\/p>  <p>En cualquier caso, el gerente del \u00e1rea de salud ha recomendado a la poblaci\u00f3n seguir las recomendaciones de la Conselleria de Sanitat para prevenir posibles efectos adversos. <\/p>  <img src='https:\/\/cloudfront-eu-central-1.images.arcpublishing.com\/prisaradio\/5BHP3IF43FGMBMZQ3IBEI575J4.png' alt='' \/>  <p>Consejos como evitar ejercicio f\u00edsico al aire libre y exposici\u00f3n solar en las horas centrales del d\u00eda, evitar beber alcohol o caf\u00e9, comidas copiosas, mantener las estancias ventiladas y refrigeradas y prestar especial atenci\u00f3n a mayores, ni\u00f1os y personas vulnerables.<\/p>  <p>Especialmente en una zona como la Marina Baixa donde \u00abno tenemos temperaturas tan elevadas como en el interior de Espa\u00f1a pero tenemos un grado de humedad que causa deshidrataci\u00f3n y que incrementa la sensaci\u00f3n t\u00e9rmica. Adem\u00e1s no tenemos la sensaci\u00f3n de sed como en ambientes secos y eso puede dar falsa sensaci\u00f3n de seguridad que es muy peligrosa. Debemos hidratarnos regularmente aunque no tengamos sed\u00bb, a\u00f1ade.<\/p>  <p><\/p>  <p><\/p>  <p><\/p>  <p><\/p> ","protected":false},"excerpt":{"rendered":"<p>El gerente del departamento de Salud Marina Baixa, Pascual Pastor, se\u00f1ala que las afecciones por altas temperaturas han repuntado<\/p>\n","protected":false},"author":0,"featured_media":16907,"comment_status":"open","ping_status":"open","sticky":false,"template":"","format":"standard","meta":{"_acf_changed":false,"footnotes":""},"categories":[1],"tags":[],"class_list":["post-16906","post","type-post","status-publish","format-standard","has-post-thumbnail","hentry","category-sin-categoria"],"acf":{"ser_id":"TKGO3DUBGRGBFDZQWI4VIJ2ZTU","ser_url":"https:\/\/cadenaser.com\/comunitat-valenciana\/2025\/07\/04\/golpe-de-calor-la-fiebre-alta-es-la-principal-senal-de-alarma-radio-benidorm\/"},"_links":{"self":[{"href":"https:\/\/serbenidorm.daliisolutions.com\/index.php\/wp-json\/wp\/v2\/posts\/16906","targetHints":{"allow":["GET"]}}],"collection":[{"href":"https:\/\/serbenidorm.daliisolutions.com\/index.php\/wp-json\/wp\/v2\/posts"}],"about":[{"href":"https:\/\/serbenidorm.daliisolutions.com\/index.php\/wp-json\/wp\/v2\/types\/post"}],"replies":[{"embeddable":true,"href":"https:\/\/serbenidorm.daliisolutions.com\/index.php\/wp-json\/wp\/v2\/comments?post=16906"}],"version-history":[{"count":0,"href":"https:\/\/serbenidorm.daliisolutions.com\/index.php\/wp-json\/wp\/v2\/posts\/16906\/revisions"}],"wp:featuredmedia":[{"embeddable":true,"href":"https:\/\/serbenidorm.daliisolutions.com\/index.php\/wp-json\/wp\/v2\/media\/16907"}],"wp:attachment":[{"href":"https:\/\/serbenidorm.daliisolutions.com\/index.php\/wp-json\/wp\/v2\/media?parent=16906"}],"wp:term":[{"taxonomy":"category","embeddable":true,"href":"https:\/\/serbenidorm.daliisolutions.com\/index.php\/wp-json\/wp\/v2\/categories?post=16906"},{"taxonomy":"post_tag","embeddable":true,"href":"https:\/\/serbenidorm.daliisolutions.com\/index.php\/wp-json\/wp\/v2\/tags?post=16906"}],"curies":[{"name":"wp","href":"https:\/\/api.w.org\/{rel}","templated":true}]}}