{"id":16992,"date":"2025-07-10T11:20:30","date_gmt":"2025-07-10T09:20:30","guid":{"rendered":"https:\/\/serbenidorm.daliisolutions.com\/index.php\/2025\/07\/10\/hoy-por-hoy-benidorm-desde-el-festival-de-cine-de-lalfas-del-pi\/"},"modified":"2025-07-10T11:20:30","modified_gmt":"2025-07-10T09:20:30","slug":"hoy-por-hoy-benidorm-desde-el-festival-de-cine-de-lalfas-del-pi","status":"publish","type":"post","link":"https:\/\/serbenidorm.daliisolutions.com\/index.php\/2025\/07\/10\/hoy-por-hoy-benidorm-desde-el-festival-de-cine-de-lalfas-del-pi\/","title":{"rendered":"Hoy por Hoy Benidorm desde el Festival de Cine de l&#8217;Alf\u00e0s del Pi"},"content":{"rendered":" <p>Hoy por Hoy Benidorm ha cambiado este mi\u00e9rcoles los estudios de la radio por la Casa de Cultura para hablar de la 37\u00aa edici\u00f3n del Festival de Cine de l\u2019Alf\u00e0s del Pi con la participaci\u00f3n de destacados invitados del mundo audiovisual.<\/p>  <p>El director del certamen, Luis Larrodera, abri\u00f3 la primera mesa junto a la teniente de Alcalde y concejala de Presidencia, Maite Garc\u00eda, compartiendo su admiraci\u00f3n por <a href=\"https:\/\/cadenaser.com\/comunitat-valenciana\/2025\/07\/01\/cuenta-atras-para-el-37-festival-de-cine-de-lalfas-del-pi-estos-son-los-tres-faros-de-plata-radio-benidorm\/\" target=\"_blank\" rel=\"nofollow\" title=\"https:\/\/cadenaser.com\/comunitat-valenciana\/2025\/07\/01\/cuenta-atras-para-el-37-festival-de-cine-de-lalfas-del-pi-estos-son-los-tres-faros-de-plata-radio-benidorm\/\">Elena Irureta, Juli\u00e1n L\u00f3pez y Cine de Barrio<\/a>, los reconocidos de la gala inaugural del pasado s\u00e1bado, as\u00ed como hacia el talento de los actores y cineastas que participan en cada proyecci\u00f3n durante esta semana: \u201cNo se siente igual ver una pel\u00edcula en casa que en una sala de cine\u201d.<\/p>  <p>En esta edici\u00f3n especial tambi\u00e9n participaron Jos\u00e9 Antonio Torres, director, y Manuel Carrasco, \u00abhombre orquesta\u00bb, como el mismo se define. Ambos han presentado la pel\u00edcula Lorca en la Habana, centrada en mostrar la huella mutua entre el poeta y el pa\u00eds caribe\u00f1o. <\/p>  <p>La actriz Ana Pascual intervino para hablar sobre los dos cortometrajes con los que participa en el festival. El primero, Kimchi, narra la vida de un joven que se muda a un nuevo apartamento desde el punto de vista de su frigor\u00edfico con el encurtido como elemento conductor. El segundo, Past\u00eds y Corc\u00f3, gira en torno a una celebraci\u00f3n de cumplea\u00f1os que termina convirti\u00e9ndose en una discusi\u00f3n familiar sobre el cuidado de la abuela y el futuro de una propiedad. <\/p>  <p>Tambi\u00e9n ha intervenido el c\u00f3mico Miguel Miguel y como cierre el director de Intersex Tom\u00e1s Aceituno ha reflexionado, a partir de su pel\u00edcula, sobre el cine como herramienta para visibilizar historias poco conocidas. <\/p> ","protected":false},"excerpt":{"rendered":"<p>Un programa especial re\u00fane a representantes del mundo audiovisual en la Casa de Cultura<\/p>\n","protected":false},"author":0,"featured_media":16993,"comment_status":"open","ping_status":"open","sticky":false,"template":"","format":"standard","meta":{"_acf_changed":false,"footnotes":""},"categories":[1],"tags":[],"class_list":["post-16992","post","type-post","status-publish","format-standard","has-post-thumbnail","hentry","category-sin-categoria"],"acf":{"ser_id":"D6YZW23DOBCGVJYR2XQJYLBCGE","ser_url":"https:\/\/cadenaser.com\/comunitat-valenciana\/2025\/07\/10\/hoy-por-hoy-benidorm-desde-el-festival-de-cine-de-lalfas-del-pi-radio-benidorm\/"},"_links":{"self":[{"href":"https:\/\/serbenidorm.daliisolutions.com\/index.php\/wp-json\/wp\/v2\/posts\/16992","targetHints":{"allow":["GET"]}}],"collection":[{"href":"https:\/\/serbenidorm.daliisolutions.com\/index.php\/wp-json\/wp\/v2\/posts"}],"about":[{"href":"https:\/\/serbenidorm.daliisolutions.com\/index.php\/wp-json\/wp\/v2\/types\/post"}],"replies":[{"embeddable":true,"href":"https:\/\/serbenidorm.daliisolutions.com\/index.php\/wp-json\/wp\/v2\/comments?post=16992"}],"version-history":[{"count":0,"href":"https:\/\/serbenidorm.daliisolutions.com\/index.php\/wp-json\/wp\/v2\/posts\/16992\/revisions"}],"wp:featuredmedia":[{"embeddable":true,"href":"https:\/\/serbenidorm.daliisolutions.com\/index.php\/wp-json\/wp\/v2\/media\/16993"}],"wp:attachment":[{"href":"https:\/\/serbenidorm.daliisolutions.com\/index.php\/wp-json\/wp\/v2\/media?parent=16992"}],"wp:term":[{"taxonomy":"category","embeddable":true,"href":"https:\/\/serbenidorm.daliisolutions.com\/index.php\/wp-json\/wp\/v2\/categories?post=16992"},{"taxonomy":"post_tag","embeddable":true,"href":"https:\/\/serbenidorm.daliisolutions.com\/index.php\/wp-json\/wp\/v2\/tags?post=16992"}],"curies":[{"name":"wp","href":"https:\/\/api.w.org\/{rel}","templated":true}]}}