{"id":16996,"date":"2025-07-10T13:21:09","date_gmt":"2025-07-10T11:21:09","guid":{"rendered":"https:\/\/serbenidorm.daliisolutions.com\/index.php\/2025\/07\/10\/valores-analiticos-adversos-obligan-al-cierre-de-la-playa-de-la-solsida-de-altea-y-les-fonts-de-lalgar\/"},"modified":"2025-07-10T13:21:09","modified_gmt":"2025-07-10T11:21:09","slug":"valores-analiticos-adversos-obligan-al-cierre-de-la-playa-de-la-solsida-de-altea-y-les-fonts-de-lalgar","status":"publish","type":"post","link":"https:\/\/serbenidorm.daliisolutions.com\/index.php\/2025\/07\/10\/valores-analiticos-adversos-obligan-al-cierre-de-la-playa-de-la-solsida-de-altea-y-les-fonts-de-lalgar\/","title":{"rendered":"Valores anal\u00edticos adversos obligan al cierre de la playa de La Solsida de Altea y Les Fonts de l\u2019Algar"},"content":{"rendered":" <p>La playa de La Solsida, en Altea, y el paraje de Les Fonts de l\u2019Algar, en Callosa d\u2019En Sarri\u00e0, han quedado hoy clausuradas al ba\u00f1o despu\u00e9s de que las anal\u00edticas del agua hayan arrojado valores adversos. Seg\u00fan fuentes municipales consultadas por Radio Benidorm-Cadena SER, los ayuntamientos de Altea y Callosa han recibido en la ma\u00f1ana de este jueves una comunicaci\u00f3n por parte del 112 informando sobre el resultado de esas anal\u00edticas procediendo de inmediato a la activaci\u00f3n de los protocolos habituales en este tipo de situaciones.<\/p>  <p>La concejala de Playas de Altea, Aurora Serrat, ha explicado que \u201cla playa de La Solsida ha quedado cerrada al ba\u00f1o puntualmente debido a que la anal\u00edtica de muestreo ha arrojado valores superiores a los admisibles para el ba\u00f1o\u201d y ha confirmado que se trata de \u201cuna contaminaci\u00f3n de origen residual\u201d.<\/p>  <p>En conversaci\u00f3n con Radio Benidorm-Cadena SER, Serrat ha explicado que \u201clas anal\u00edticas semanales que realizamos desde el Ayuntamiento hab\u00edan sido hasta ahora \u00f3ptimas\u201d, pero ha sido esta ma\u00f1ana cuando \u201cdesde el 112 se nos ha avisado de esta anal\u00edtica adversa\u201d.<\/p>  <p>Tras izar la bandera roja en ese arenal, desde el departamento dirigido por Serrat \u201cya hemos procedido a la realizaci\u00f3n de la contramuestra\u201d y se han \u201cactivado los protocolos necesarios\u201d que incluyen un seguimiento del episodio, con nuevas anal\u00edticas, con el fin de monitorear la situaci\u00f3n y poder reabrir la playa lo antes posible.<\/p>  <p>Por su parte, el alcalde de Callosa d\u2019en Sarri\u00e0, Andr\u00e9s Molina, se expresaba en t\u00e9rminos similares explicando que \u201cdesde el inicio de la temporada, el pasado mes de junio, el Ayuntamiento viene realizando dos anal\u00edticas semanales del agua\u201d y que esas pruebas se complementan con \u201clas que se hacen desde Conselleria\u201d.<\/p>  <p>El primer edil callosino ha apuntado \u201cal arrastre producido en los pasados d\u00edas\u201d por las lluvias ca\u00eddas en la zona como la posible causa de este episodio. Esto habr\u00eda producido \u201cun acumulo que ha causado unos niveles m\u00e1s altos en las anal\u00edticas y, por seguridad, hemos procedido al cierre de la zona de ba\u00f1o de Les Fonts de l\u2019Algar\u201d.<\/p>  <p>Molina ha querido tambi\u00e9n recalcar que \u201cante todo, lo que m\u00e1s nos importa es la seguridad de nuestros visitantes y que puedan ba\u00f1arse con las m\u00e1ximas garant\u00edas\u201d.<\/p>  <p>En todo caso, todo indica que el episodio de contaminaci\u00f3n producido en La Solsida y en Altea est\u00e1 relacionado ya que el arenal alteano se encuentra directamente conectado con Les Fonts de l\u2019Algar a trav\u00e9s del r\u00edo de ese mismo nombre.<\/p>  <p>Seg\u00fan las primeras hip\u00f3tesis, ese arrastre causado por las lluvias en la cabecera del r\u00edo habr\u00eda llegado en primer lugar a la zona callosina y, posteriormente, a la alteana.<\/p>  <p>Tanto en Callosa d\u2019En Sarri\u00e0 como en Altea se espera poder reabrir lo antes posible sus zonas de ba\u00f1o, aunque en ninguno de los dos casos se ha querido aventurar cu\u00e1ndo se podr\u00e1 arriar la bandera roja.<\/p>  <p><\/p>  <p><\/p>  <p><\/p> ","protected":false},"excerpt":{"rendered":"<p>Todo indica que el origen de este episodio se encuentra en las lluvias que han ca\u00eddo en la zona en las \u00faltimas horas<\/p>\n","protected":false},"author":0,"featured_media":16997,"comment_status":"open","ping_status":"open","sticky":false,"template":"","format":"standard","meta":{"_acf_changed":false,"footnotes":""},"categories":[1],"tags":[],"class_list":["post-16996","post","type-post","status-publish","format-standard","has-post-thumbnail","hentry","category-sin-categoria"],"acf":{"ser_id":"YLY6KHO5SNFNNMRS5JHKZR5GTA","ser_url":"https:\/\/cadenaser.com\/comunitat-valenciana\/2025\/07\/10\/valores-analiticos-adversos-obligan-al-cierre-de-la-playa-de-la-solsida-de-altea-y-les-fonts-de-lalgar-radio-benidorm\/"},"_links":{"self":[{"href":"https:\/\/serbenidorm.daliisolutions.com\/index.php\/wp-json\/wp\/v2\/posts\/16996","targetHints":{"allow":["GET"]}}],"collection":[{"href":"https:\/\/serbenidorm.daliisolutions.com\/index.php\/wp-json\/wp\/v2\/posts"}],"about":[{"href":"https:\/\/serbenidorm.daliisolutions.com\/index.php\/wp-json\/wp\/v2\/types\/post"}],"replies":[{"embeddable":true,"href":"https:\/\/serbenidorm.daliisolutions.com\/index.php\/wp-json\/wp\/v2\/comments?post=16996"}],"version-history":[{"count":0,"href":"https:\/\/serbenidorm.daliisolutions.com\/index.php\/wp-json\/wp\/v2\/posts\/16996\/revisions"}],"wp:featuredmedia":[{"embeddable":true,"href":"https:\/\/serbenidorm.daliisolutions.com\/index.php\/wp-json\/wp\/v2\/media\/16997"}],"wp:attachment":[{"href":"https:\/\/serbenidorm.daliisolutions.com\/index.php\/wp-json\/wp\/v2\/media?parent=16996"}],"wp:term":[{"taxonomy":"category","embeddable":true,"href":"https:\/\/serbenidorm.daliisolutions.com\/index.php\/wp-json\/wp\/v2\/categories?post=16996"},{"taxonomy":"post_tag","embeddable":true,"href":"https:\/\/serbenidorm.daliisolutions.com\/index.php\/wp-json\/wp\/v2\/tags?post=16996"}],"curies":[{"name":"wp","href":"https:\/\/api.w.org\/{rel}","templated":true}]}}