{"id":17,"date":"2023-11-29T15:21:03","date_gmt":"2023-11-29T14:21:03","guid":{"rendered":"https:\/\/serbenidorm.daliisolutions.com\/index.php\/2023\/11\/29\/asalto-en-un-prostibulo-de-benidorm-seis-detenidos-por-atar-y-golpear-a-clientes-y-empleados-para-robarles\/"},"modified":"2023-11-29T15:21:03","modified_gmt":"2023-11-29T14:21:03","slug":"asalto-en-un-prostibulo-de-benidorm-seis-detenidos-por-atar-y-golpear-a-clientes-y-empleados-para-robarles","status":"publish","type":"post","link":"https:\/\/serbenidorm.daliisolutions.com\/index.php\/2023\/11\/29\/asalto-en-un-prostibulo-de-benidorm-seis-detenidos-por-atar-y-golpear-a-clientes-y-empleados-para-robarles\/","title":{"rendered":"Asalto en un prost\u00edbulo de Benidorm: seis detenidos por atar y golpear a clientes y empleados para robarles"},"content":{"rendered":" Benidorm  Seis personas han sido detenidas acusadas de participar en el <a href=\"https:\/\/cadenaser.com\/tag\/benidorm\/a\/\" target=\"_blank\" rel=\"noopener\">asalto de un club de alterne de Benidorm (Alicante)<\/a>, donde retuvieron y agredieron a trabajadores y clientes para hacerse con un bot\u00edn de 7.700 euros.  Seg\u00fan la <a href=\"https:\/\/cadenaser.com\/tag\/policia_nacional\/a\/\" target=\"_blank\" rel=\"noopener\">Polic\u00eda Nacional<\/a>, cuatro de los arrestados han sido enviados a prisi\u00f3n por decisi\u00f3n judicial mientras que otros han quedado en libertad con cargos, y se busca a otro autor material m\u00e1s que se cree que ha abandonado el territorio espa\u00f1ol.  El asalto ocurri\u00f3 el pasado marzo pero las tareas de investigaci\u00f3n se han prolongado durante siete meses desde que el grupo entrara en el local y maniatara con bridas a los empleados y clientes, concretamente a la encargada del establecimiento, una camarera, tres mujeres de compa\u00f1\u00eda, dos clientes y un portero, que result\u00f3 detenido porque actu\u00f3 como &#8216;santero&#8217; para proporcionar informaci\u00f3n a la banda.  <p>M\u00e1s informaci\u00f3n<\/p><figure><img decoding=\"async\" src=\"https:\/\/cadenaser.com\/resizer\/JHUMEuVeo7NJQYe8ZV7rKK8Fatg=\/650x366\/filters:quality(70)\/cloudfront-eu-central-1.images.arcpublishing.com\/prisaradio\/IJAXEBD7GZCA3PMCCRAD7PHIJ4.jpg\" loading=\"lazy\" width=\"828\" height=\"621\" \/><\/figure><ul><li><a href=\"https:\/\/cadenaser.com\/comunitat-valenciana\/2023\/11\/28\/la-policia-nacional-detiene-a-diez-personas-en-lalfas-del-pi-por-vender-droga-en-un-club-sin-licencia-radio-benidorm\/\">Diez detenidos en l&#x27;Alf\u00e0s del Pi por vender droga en un club sin licencia<\/a><\/li><\/ul>  Cubri\u00e9ndose el rostro con prendas, los detenidos golpearon con bates de b\u00e9isbol y amenazaron a las v\u00edctimas con un arma de fuego para conseguir el dinero y varios terminales m\u00f3viles.  La investigaci\u00f3n tambi\u00e9n ha revelado que el grupo criminal estaba planificando la ejecuci\u00f3n de un \u201cvuelco\u201d de una plantaci\u00f3n de marihuana a un traficante, as\u00ed como el robo de un chalet en Mallorca, en el que un ciudadano ruso guardaba una cantidad importante de dinero.  <div class=\"hd\"><p>Radio Benidorm<\/p><\/div><div class=\"lst lst-s\"><ul><li><div id=\"player-cadenaser_benidorm_hoyporhoybenidorm_20231129_122000_140000\" class=\"c-pl-a\"><button class=\"bt-pp\" data-audioid=\"cadenaser_benidorm_hoyporhoybenidorm_20231129_122000_140000\" data-type=\"aod\">Play<\/button><\/div><p title=\"Hoy por Hoy Benidorm (29\/11\/2023)\"><span>Hoy por Hoy Benidorm (29\/11\/2023)<\/span><span>01:40:00<!-- -->\u00a0|\u00a0<!-- -->Hoy por Hoy Benidorm<\/span><\/p><\/li><li><div id=\"player-1701090079280\" class=\"c-pl-a\"><button class=\"bt-pp\" data-audioid=\"1701090079280\" data-type=\"aod\">Play<\/button><\/div><p title=\"El secreto del punto del arroz con La Arrocer\u00eda de la Mejillonera en Benidorm\"><span>El secreto del punto del arroz con La Arrocer\u00eda de la Mejillonera en Benidorm<\/span><span>13:36<!-- -->\u00a0|\u00a0<!-- -->Hoy por Hoy Benidorm<\/span><\/p><\/li><li><div id=\"player-cadenaser_benidorm_hoyporhoymatinalbenidorm_20231129_082000_083000\" class=\"c-pl-a\"><button class=\"bt-pp\" data-audioid=\"cadenaser_benidorm_hoyporhoymatinalbenidorm_20231129_082000_083000\" data-type=\"aod\">Play<\/button><\/div><p title=\"Hoy por Hoy matinal Benidorm 8:20 (29\/11\/2023)\"><span>Hoy por Hoy matinal Benidorm 8:20 (29\/11\/2023)<\/span><span>10:00<!-- -->\u00a0|\u00a0<!-- -->Hoy por Hoy matinal Benidorm<\/span><\/p><\/li><li><div id=\"player-cadenaser_benidorm_hoyporhoymatinalbenidorm_20231129_072000_073000\" class=\"c-pl-a\"><button class=\"bt-pp\" data-audioid=\"cadenaser_benidorm_hoyporhoymatinalbenidorm_20231129_072000_073000\" data-type=\"aod\">Play<\/button><\/div><p title=\"Hoy por Hoy matinal Benidorm 7:20 (29\/11\/2023)\"><span>Hoy por Hoy matinal Benidorm 7:20 (29\/11\/2023)<\/span><span>10:00<!-- -->\u00a0|\u00a0<!-- -->Hoy por Hoy matinal Benidorm<\/span><\/p><\/li><li><div id=\"player-cadenaser_benidorm_laventanadelamarinabaixa_20231128_192000_194000\" class=\"c-pl-a\"><button class=\"bt-pp\" data-audioid=\"cadenaser_benidorm_laventanadelamarinabaixa_20231128_192000_194000\" data-type=\"aod\">Play<\/button><\/div><p title=\"La Ventana de la Marina Baixa (28\/11\/2023)\"><span>La Ventana de la Marina Baixa (28\/11\/2023)<\/span><span>20:00<!-- -->\u00a0|\u00a0<!-- -->La Ventana de la Marina Baixa<\/span><\/p><\/li><li><div id=\"player-cadenaser_benidorm_serdeportivosbenidorm_20231128_152000_160000\" class=\"c-pl-a\"><button class=\"bt-pp\" data-audioid=\"cadenaser_benidorm_serdeportivosbenidorm_20231128_152000_160000\" data-type=\"aod\">Play<\/button><\/div><p title=\"SER Deportivos Benidorm (28\/11\/2023)\"><span>SER Deportivos Benidorm (28\/11\/2023)<\/span><span>40:00<!-- -->\u00a0|\u00a0<!-- -->SER Deportivos Benidorm<\/span><\/p><\/li><li><div id=\"player-cadenaser_benidorm_hora14benidorm_20231128_141700_143000\" class=\"c-pl-a\"><button class=\"bt-pp\" data-audioid=\"cadenaser_benidorm_hora14benidorm_20231128_141700_143000\" data-type=\"aod\">Play<\/button><\/div><p title=\"Hora 14 Benidorm (28\/11\/2023)\"><span>Hora 14 Benidorm (28\/11\/2023)<\/span><span>13:00<!-- -->\u00a0|\u00a0<!-- -->Hora 14 Benidorm<\/span><\/p><\/li><li><div id=\"player-cadenaser_benidorm_hoyporhoybenidorm_20231128_122000_140000\" class=\"c-pl-a\"><button class=\"bt-pp\" data-audioid=\"cadenaser_benidorm_hoyporhoybenidorm_20231128_122000_140000\" data-type=\"aod\">Play<\/button><\/div><p title=\"Hoy por Hoy Benidorm (28\/11\/2023)\"><span>Hoy por Hoy Benidorm (28\/11\/2023)<\/span><span>01:40:00<!-- -->\u00a0|\u00a0<!-- -->Hoy por Hoy Benidorm<\/span><\/p><\/li><li><div id=\"player-1701175862565\" class=\"c-pl-a\"><button class=\"bt-pp\" data-audioid=\"1701175862565\" data-type=\"aod\">Play<\/button><\/div><p title=\"La Nuc\u00eda celebra su Feria de la Navidad del 1 al 3 de diciembre\"><span>La Nuc\u00eda celebra su Feria de la Navidad del 1 al 3 de diciembre<\/span><span>18:45<!-- -->\u00a0|\u00a0<!-- -->Hoy por Hoy Benidorm<\/span><\/p><\/li><li><div id=\"player-1701174842410\" class=\"c-pl-a\"><button class=\"bt-pp\" data-audioid=\"1701174842410\" data-type=\"aod\">Play<\/button><\/div><p title=\"Antonio Espinos nos cuenta la historia de una &quot;p\u00e1tera&quot; hallada en Allon,  la perla de la Marina Baixa\"><span>Antonio Espinos nos cuenta la historia de una &quot;p\u00e1tera&quot; hallada en Allon,  la perla de la Marina Baixa<\/span><span>21:27<!-- -->\u00a0|\u00a0<!-- -->Hoy por Hoy Benidorm<\/span><\/p><\/li><li><div id=\"player-1701174279553\" class=\"c-pl-a\"><button class=\"bt-pp\" data-audioid=\"1701174279553\" data-type=\"aod\">Play<\/button><\/div><p title=\"En Educando en Inclusi\u00f3n la maestra Sonia Montesinos nos habla sobre el uso racional de los elementos tecnol\u00f3gicos en la infancia y la adolescencia\"><span>En Educando en Inclusi\u00f3n la maestra Sonia Montesinos nos habla sobre el uso racional de los elementos tecnol\u00f3gicos en la infancia y la adolescencia<\/span><span>22:36<!-- -->\u00a0|\u00a0<!-- -->Hoy por Hoy Benidorm<\/span><\/p><\/li><li><div id=\"player-1701169563404\" class=\"c-pl-a\"><button class=\"bt-pp\" data-audioid=\"1701169563404\" data-type=\"aod\">Play<\/button><\/div><p title=\"La tertulia de La Ventana de la Marina Baixa (27\/11\/2023)\"><span>La tertulia de La Ventana de la Marina Baixa (27\/11\/2023)<\/span><span>39:36<!-- -->\u00a0|\u00a0<!-- -->La Ventana de la Marina Baixa<\/span><\/p><\/li><li><div id=\"player-cadenaser_benidorm_hoyporhoymatinalbenidorm_20231128_082000_083000\" class=\"c-pl-a\"><button class=\"bt-pp\" data-audioid=\"cadenaser_benidorm_hoyporhoymatinalbenidorm_20231128_082000_083000\" data-type=\"aod\">Play<\/button><\/div><p title=\"Hoy por Hoy matinal Benidorm 8:20 (28\/11\/2023)\"><span>Hoy por Hoy matinal Benidorm 8:20 (28\/11\/2023)<\/span><span>10:00<!-- -->\u00a0|\u00a0<!-- -->Hoy por Hoy matinal Benidorm<\/span><\/p><\/li><li><div id=\"player-cadenaser_benidorm_hoyporhoymatinalbenidorm_20231128_072000_073000\" class=\"c-pl-a\"><button class=\"bt-pp\" data-audioid=\"cadenaser_benidorm_hoyporhoymatinalbenidorm_20231128_072000_073000\" data-type=\"aod\">Play<\/button><\/div><p title=\"Hoy por Hoy matinal Benidorm 7:20 (28\/11\/2023)\"><span>Hoy por Hoy matinal Benidorm 7:20 (28\/11\/2023)<\/span><span>10:00<!-- -->\u00a0|\u00a0<!-- -->Hoy por Hoy matinal Benidorm<\/span><\/p><\/li><li><div id=\"player-cadenaser_benidorm_laventanadelamarinabaixa_20231127_192000_194000\" class=\"c-pl-a\"><button class=\"bt-pp\" data-audioid=\"cadenaser_benidorm_laventanadelamarinabaixa_20231127_192000_194000\" data-type=\"aod\">Play<\/button><\/div><p title=\"La Ventana de la Marina Baixa (27\/11\/2023)\"><span>La Ventana de la Marina Baixa (27\/11\/2023)<\/span><span>20:00<!-- -->\u00a0|\u00a0<!-- -->La Ventana de la Marina Baixa<\/span><\/p><\/li><\/ul><\/div> ","protected":false},"excerpt":{"rendered":"<p>El grupo se hizo con un bot\u00edn de 7.700 euros<\/p>\n","protected":false},"author":0,"featured_media":18,"comment_status":"open","ping_status":"open","sticky":false,"template":"","format":"standard","meta":{"_acf_changed":false,"footnotes":""},"categories":[1],"tags":[],"class_list":["post-17","post","type-post","status-publish","format-standard","has-post-thumbnail","hentry","category-sin-categoria"],"acf":{"ser_id":"IPF27D7BJFGS5FQITCJSCHJVPE","ser_url":""},"_links":{"self":[{"href":"https:\/\/serbenidorm.daliisolutions.com\/index.php\/wp-json\/wp\/v2\/posts\/17","targetHints":{"allow":["GET"]}}],"collection":[{"href":"https:\/\/serbenidorm.daliisolutions.com\/index.php\/wp-json\/wp\/v2\/posts"}],"about":[{"href":"https:\/\/serbenidorm.daliisolutions.com\/index.php\/wp-json\/wp\/v2\/types\/post"}],"replies":[{"embeddable":true,"href":"https:\/\/serbenidorm.daliisolutions.com\/index.php\/wp-json\/wp\/v2\/comments?post=17"}],"version-history":[{"count":0,"href":"https:\/\/serbenidorm.daliisolutions.com\/index.php\/wp-json\/wp\/v2\/posts\/17\/revisions"}],"wp:featuredmedia":[{"embeddable":true,"href":"https:\/\/serbenidorm.daliisolutions.com\/index.php\/wp-json\/wp\/v2\/media\/18"}],"wp:attachment":[{"href":"https:\/\/serbenidorm.daliisolutions.com\/index.php\/wp-json\/wp\/v2\/media?parent=17"}],"wp:term":[{"taxonomy":"category","embeddable":true,"href":"https:\/\/serbenidorm.daliisolutions.com\/index.php\/wp-json\/wp\/v2\/categories?post=17"},{"taxonomy":"post_tag","embeddable":true,"href":"https:\/\/serbenidorm.daliisolutions.com\/index.php\/wp-json\/wp\/v2\/tags?post=17"}],"curies":[{"name":"wp","href":"https:\/\/api.w.org\/{rel}","templated":true}]}}