{"id":17012,"date":"2025-07-10T20:05:54","date_gmt":"2025-07-10T18:05:54","guid":{"rendered":"https:\/\/serbenidorm.daliisolutions.com\/index.php\/2025\/07\/10\/hector-alvarez-firma-su-primer-podio-profesional\/"},"modified":"2025-07-10T20:05:54","modified_gmt":"2025-07-10T18:05:54","slug":"hector-alvarez-firma-su-primer-podio-profesional","status":"publish","type":"post","link":"https:\/\/serbenidorm.daliisolutions.com\/index.php\/2025\/07\/10\/hector-alvarez-firma-su-primer-podio-profesional\/","title":{"rendered":"H\u00e9ctor \u00c1lvarez firma su primer podio profesional"},"content":{"rendered":" <p>Mientras que la mayor parte de la atenci\u00f3n medi\u00e1tica del ciclismo se centra en el Tour de Francia, el calendario \u2018alternativo\u2019 sigue adelante con la disputa de otras pruebas como el Tour de Austria, que comenz\u00f3 en el d\u00eda de ayer con una etapa de final pestoso y salida y meta en Steyr y que continuaba este jueves con una jornada de media monta\u00f1a entre Bischofhofen y St. Johann Alpendorf de 142 kil\u00f3metros de recorrido.<\/p>  <p>All\u00ed, mexicano Isaac del Toro (UAE-Emirates), la gran revelaci\u00f3n del pasado Giro de Italia (termin\u00f3 segundo tras haber liderado la prueba hasta la \u00faltima etapa) se proclam\u00f3 vencedor mientras que el alfasino H\u00e9ctor \u00c1lvarez (Lidl-Trek) se alz\u00f3 con la tercera plaza sumando su primer podio como profesional.<\/p>  <p>S\u00f3lo Del Toro y Andrew August (Ineos-Grenadiers) pudieron superar a \u00c1lvarez en un dur\u00edsimo final disputado sobre un \u2018muro\u2019 de apenas dos kil\u00f3metros con rampas al 7%. <\/p>  <p>Y todo ello, despu\u00e9s de una jornada protagonizada por una fuga temprana con cinco unidades a la que el pelot\u00f3n siempre mantuvo bajo control permiti\u00e9ndoles alcazar una ventaja m\u00e1xima de apenas tres minutos antes de ser neutralizados.<\/p>  <p>En la fase final, Alessandro Covi (UAE-Emirates) fue el primero en lanzar su apuesta, pero al italiano demarr\u00f3 demasiado pronto y no pudo culminar ese ataque como s\u00ed lo hizo su compa\u00f1ero Del Toro.<\/p>  <p>No menos espectacular est\u00e1 siendo, hasta el momento, el papel de H\u00e9ctor \u00c1lvarez en esta prueba que, tras la Vuelta a B\u00e9lgica y el Campeonato de Espa\u00f1a est\u00e1 suponiendo el regreso a la competici\u00f3n del corredor de l\u2019Alf\u00e0s del Pi tras la grav\u00edsima lesi\u00f3n (fractura de codo) sufrida el 13 de abril durante la Par\u00eds-Roubaix.<\/p>  <p>Tras terminar la pasada temporada como el mejor J\u00fanior del mundo, \u00c1lvarez tuvo que retrasar su debut como profesional despu\u00e9s de sufrir una fractura de clav\u00edcula durante la pretemporada afrontando un primer bloque de carreras en el que ya dej\u00f3 destellos muy interesantes de su potencial, especialmente, en el Olympia\u2019s Tour de Pa\u00edses Bajos.<\/p>  <p>Ahora, en Austria, \u00c1lvarez ha vuelto a dar un paso adelante m\u00e1s en su confirmaci\u00f3n como una de las grandes promesas del pelot\u00f3n nacional con este primer puesto de honor de su carrera deportiva y se sit\u00faa en la sexta plaza de la general, en la que es el mejor espa\u00f1ol, a s\u00f3lo 22 segundos del l\u00edder, el austriaco Felix Gro\u00dfschartner (UAE-Emirates).<\/p>  <p>Ma\u00f1ana, tercera etapa con salida y llegada en Salzburgo con 143 kil\u00f3metros de recorrido y cuatro puertos de tercera categor\u00eda antes de un nuevo final en alto con el ascenso a Oberwinkl, un aut\u00e9ntico \u2018muro\u2019 de tres kil\u00f3metros al 11%.<\/p> ","protected":false},"excerpt":{"rendered":"<p>El de l\u2019Alf\u00e0s del Pi termina tercero en la segunda etapa del Tour de Austria<\/p>\n","protected":false},"author":0,"featured_media":17013,"comment_status":"open","ping_status":"open","sticky":false,"template":"","format":"standard","meta":{"_acf_changed":false,"footnotes":""},"categories":[16],"tags":[],"class_list":["post-17012","post","type-post","status-publish","format-standard","has-post-thumbnail","hentry","category-deportes"],"acf":{"ser_id":"MHE3THP5JNEU5EDZLL6TLIK6BM","ser_url":"https:\/\/cadenaser.com\/comunitat-valenciana\/2025\/07\/10\/hector-alvarez-firma-su-primer-podio-profesional-radio-benidorm\/"},"_links":{"self":[{"href":"https:\/\/serbenidorm.daliisolutions.com\/index.php\/wp-json\/wp\/v2\/posts\/17012","targetHints":{"allow":["GET"]}}],"collection":[{"href":"https:\/\/serbenidorm.daliisolutions.com\/index.php\/wp-json\/wp\/v2\/posts"}],"about":[{"href":"https:\/\/serbenidorm.daliisolutions.com\/index.php\/wp-json\/wp\/v2\/types\/post"}],"replies":[{"embeddable":true,"href":"https:\/\/serbenidorm.daliisolutions.com\/index.php\/wp-json\/wp\/v2\/comments?post=17012"}],"version-history":[{"count":0,"href":"https:\/\/serbenidorm.daliisolutions.com\/index.php\/wp-json\/wp\/v2\/posts\/17012\/revisions"}],"wp:featuredmedia":[{"embeddable":true,"href":"https:\/\/serbenidorm.daliisolutions.com\/index.php\/wp-json\/wp\/v2\/media\/17013"}],"wp:attachment":[{"href":"https:\/\/serbenidorm.daliisolutions.com\/index.php\/wp-json\/wp\/v2\/media?parent=17012"}],"wp:term":[{"taxonomy":"category","embeddable":true,"href":"https:\/\/serbenidorm.daliisolutions.com\/index.php\/wp-json\/wp\/v2\/categories?post=17012"},{"taxonomy":"post_tag","embeddable":true,"href":"https:\/\/serbenidorm.daliisolutions.com\/index.php\/wp-json\/wp\/v2\/tags?post=17012"}],"curies":[{"name":"wp","href":"https:\/\/api.w.org\/{rel}","templated":true}]}}