{"id":17022,"date":"2025-07-11T10:51:30","date_gmt":"2025-07-11T08:51:30","guid":{"rendered":"https:\/\/serbenidorm.daliisolutions.com\/index.php\/2025\/07\/11\/la-memoria-del-arte-en-benidorm-una-tarde-en-la-galeria-delfos\/"},"modified":"2025-07-11T10:51:30","modified_gmt":"2025-07-11T08:51:30","slug":"la-memoria-del-arte-en-benidorm-una-tarde-en-la-galeria-delfos","status":"publish","type":"post","link":"https:\/\/serbenidorm.daliisolutions.com\/index.php\/2025\/07\/11\/la-memoria-del-arte-en-benidorm-una-tarde-en-la-galeria-delfos\/","title":{"rendered":"La memoria del arte en Benidorm: una tarde en la Galer\u00eda Delfos"},"content":{"rendered":" <p>En pleno coraz\u00f3n de Benidorm, entre las calles Santa Faz y Sant\u00edsima Trinidad, sobrevive con fuerza una joya art\u00edstica de la ciudad: la Galer\u00eda Delfos. Con 57 a\u00f1os de historia a sus espaldas, este espacio y sus moradores tambi\u00e9n ha sido testigo de la transformaci\u00f3n de la capital tur\u00edstica.<\/p>  <p>La voz de Antonia Rostoll se entrelaza con la de su hijo Ricardo en un testimonio sonoro que desborda an\u00e9cdotas, recuerdos, cr\u00edtica art\u00edstica y amor por la creaci\u00f3n: \u00abSin pasi\u00f3n no hay nada\u00bb, afirma Antonia, que comenz\u00f3 con una tienda de marqueter\u00eda \u00abpara pasar los inviernos\u00bb.<\/p>  <p>Ahora y en dos locales diferenciados encontramos <a href=\"https:\/\/cadenaser.com\/tag\/benidorm\/a\/\" target=\"_blank\" rel=\"nofollow\" title=\"https:\/\/cadenaser.com\/tag\/benidorm\/a\/\">Delfos Art<\/a>, el original que combina marqueter\u00eda, venta de materiales de bellas artes e impresiones, y <a href=\"https:\/\/cadenaser.com\/tag\/benidorm\/a\/\" target=\"_blank\" rel=\"nofollow\" title=\"https:\/\/cadenaser.com\/tag\/benidorm\/a\/\">El Or\u00e1culo de Delfos<\/a>, la sala exclusiva para pintura original, que alberga obras de maestros como Eugenio Mayor, Ripoll\u00e9s o Vicente Armi\u00f1ana: \u00abAqu\u00ed huele a barniz, huele a arte\u00bb, se\u00f1ala Ricardo, heredero del negocio familiar y graduado en Bellas Artes y Comunicaci\u00f3n Audiovisual.<\/p>  <p>El reportaje tambi\u00e9n revela las transformaciones del mercado del arte en Benidorm. Desde clientes rusos exigentes con gusto por lo cl\u00e1sico, hasta j\u00f3venes que \u00absolo compran reproducciones\u00bb. Antonia lo resume con humor y firmeza: \u00abSi no es bueno, no se pone a la venta\u00bb.<\/p>  <p>La c\u00e9ntrica ubicaci\u00f3n de la Galer\u00eda Delfos ha dado pie en estas d\u00e9cadas a muchas an\u00e9cdotas por las que preguntamos. Ricardo empieza a contestar, pero le para su madre. Antonia prefiere dejar algo a la imaginaci\u00f3n.<\/p> ","protected":false},"excerpt":{"rendered":"<p>La tienda de marqueter\u00eda que evolucion\u00f3 a galer\u00eda supera el medio siglo<\/p>\n","protected":false},"author":0,"featured_media":17023,"comment_status":"open","ping_status":"open","sticky":false,"template":"","format":"standard","meta":{"_acf_changed":false,"footnotes":""},"categories":[1],"tags":[],"class_list":["post-17022","post","type-post","status-publish","format-standard","has-post-thumbnail","hentry","category-sin-categoria"],"acf":{"ser_id":"E3M7652OFZC7DENTMVHLXZNDEQ","ser_url":"https:\/\/cadenaser.com\/comunitat-valenciana\/2025\/07\/11\/la-memoria-del-arte-en-benidorm-una-tarde-en-la-galeria-delfos-radio-benidorm\/"},"_links":{"self":[{"href":"https:\/\/serbenidorm.daliisolutions.com\/index.php\/wp-json\/wp\/v2\/posts\/17022","targetHints":{"allow":["GET"]}}],"collection":[{"href":"https:\/\/serbenidorm.daliisolutions.com\/index.php\/wp-json\/wp\/v2\/posts"}],"about":[{"href":"https:\/\/serbenidorm.daliisolutions.com\/index.php\/wp-json\/wp\/v2\/types\/post"}],"replies":[{"embeddable":true,"href":"https:\/\/serbenidorm.daliisolutions.com\/index.php\/wp-json\/wp\/v2\/comments?post=17022"}],"version-history":[{"count":0,"href":"https:\/\/serbenidorm.daliisolutions.com\/index.php\/wp-json\/wp\/v2\/posts\/17022\/revisions"}],"wp:featuredmedia":[{"embeddable":true,"href":"https:\/\/serbenidorm.daliisolutions.com\/index.php\/wp-json\/wp\/v2\/media\/17023"}],"wp:attachment":[{"href":"https:\/\/serbenidorm.daliisolutions.com\/index.php\/wp-json\/wp\/v2\/media?parent=17022"}],"wp:term":[{"taxonomy":"category","embeddable":true,"href":"https:\/\/serbenidorm.daliisolutions.com\/index.php\/wp-json\/wp\/v2\/categories?post=17022"},{"taxonomy":"post_tag","embeddable":true,"href":"https:\/\/serbenidorm.daliisolutions.com\/index.php\/wp-json\/wp\/v2\/tags?post=17022"}],"curies":[{"name":"wp","href":"https:\/\/api.w.org\/{rel}","templated":true}]}}