{"id":17024,"date":"2025-07-11T10:51:31","date_gmt":"2025-07-11T08:51:31","guid":{"rendered":"https:\/\/serbenidorm.daliisolutions.com\/index.php\/2025\/07\/11\/dos-hombres-de-73-y-46-anos-mueren-ahogados-en-playas-de-moraira-y-altea\/"},"modified":"2025-07-11T10:51:31","modified_gmt":"2025-07-11T08:51:31","slug":"dos-hombres-de-73-y-46-anos-mueren-ahogados-en-playas-de-moraira-y-altea","status":"publish","type":"post","link":"https:\/\/serbenidorm.daliisolutions.com\/index.php\/2025\/07\/11\/dos-hombres-de-73-y-46-anos-mueren-ahogados-en-playas-de-moraira-y-altea\/","title":{"rendered":"Dos hombres, de 73 y 46 a\u00f1os, mueren ahogados en playas de Moraira y Altea"},"content":{"rendered":" <p>Un hombre de 73 a\u00f1os y otro var\u00f3n de 46 han muerto ahogados el mi\u00e9rcoles en dos playas distintas de la provincia de Alicante, seg\u00fan han informado este jueves fuentes del Centro de Informaci\u00f3n y Coordinaci\u00f3n de Urgencias (Cicu).<\/p>  <p>En uno de los casos, el Cicu recibi\u00f3 sobre las 14:40 horas el aviso del ahogamiento de un hombre de 73 a\u00f1os en la playa El Portet, en Moraira (Teulada Moraira). Se moviliz\u00f3 un Soporte Vital B\u00e1sico (SVB) y un Samu, cuyo equipo m\u00e9dico realiz\u00f3 las maniobras avanzadas de recuperaci\u00f3n cardiopulmonar al septuagenario.<\/p>  <p>A pesar de que consiguieron recuperarlo y fue trasladado en helic\u00f3ptero al Hospital de D\u00e9nia, el centro sanitario confirm\u00f3 posteriormente su fallecimiento.<\/p>  <p>Adem\u00e1s, el Cicu fue alertado a las 19:15 horas de otro ahogamiento, esta vez en la playa L&#8217;Espig\u00f3, en la localidad de Altea, hasta donde se traslad\u00f3 un Samu, cuyo equipo m\u00e9dico realiz\u00f3 las maniobras de recuperaci\u00f3n cardiopulmonar a un hombre de 46 a\u00f1os, a las que no respondi\u00f3, por lo que solo se pudo confirmar su fallecimiento.<\/p>  <p>En ambos casos, la autopsia revelar\u00e1 las causas del ahogamiento, seg\u00fan las mismas fuentes.<\/p>  <p><\/p>  <p><\/p>  <p><\/p>  <p><\/p>  <p><\/p> ","protected":false},"excerpt":{"rendered":"<p>Ha ocurrido en las playas del Portet (Moraira) y de L\u00b4Espig\u00f3 (Altea)<\/p>\n","protected":false},"author":0,"featured_media":17025,"comment_status":"open","ping_status":"open","sticky":false,"template":"","format":"standard","meta":{"_acf_changed":false,"footnotes":""},"categories":[1],"tags":[],"class_list":["post-17024","post","type-post","status-publish","format-standard","has-post-thumbnail","hentry","category-sin-categoria"],"acf":{"ser_id":"LUDHLLNCJJHIDHML2CEJD4OTG4","ser_url":"https:\/\/cadenaser.com\/comunitat-valenciana\/2025\/07\/10\/dos-hombres-de-73-y-46-anos-mueren-ahogados-en-playas-de-moraira-y-altea-radio-alicante\/"},"_links":{"self":[{"href":"https:\/\/serbenidorm.daliisolutions.com\/index.php\/wp-json\/wp\/v2\/posts\/17024","targetHints":{"allow":["GET"]}}],"collection":[{"href":"https:\/\/serbenidorm.daliisolutions.com\/index.php\/wp-json\/wp\/v2\/posts"}],"about":[{"href":"https:\/\/serbenidorm.daliisolutions.com\/index.php\/wp-json\/wp\/v2\/types\/post"}],"replies":[{"embeddable":true,"href":"https:\/\/serbenidorm.daliisolutions.com\/index.php\/wp-json\/wp\/v2\/comments?post=17024"}],"version-history":[{"count":0,"href":"https:\/\/serbenidorm.daliisolutions.com\/index.php\/wp-json\/wp\/v2\/posts\/17024\/revisions"}],"wp:featuredmedia":[{"embeddable":true,"href":"https:\/\/serbenidorm.daliisolutions.com\/index.php\/wp-json\/wp\/v2\/media\/17025"}],"wp:attachment":[{"href":"https:\/\/serbenidorm.daliisolutions.com\/index.php\/wp-json\/wp\/v2\/media?parent=17024"}],"wp:term":[{"taxonomy":"category","embeddable":true,"href":"https:\/\/serbenidorm.daliisolutions.com\/index.php\/wp-json\/wp\/v2\/categories?post=17024"},{"taxonomy":"post_tag","embeddable":true,"href":"https:\/\/serbenidorm.daliisolutions.com\/index.php\/wp-json\/wp\/v2\/tags?post=17024"}],"curies":[{"name":"wp","href":"https:\/\/api.w.org\/{rel}","templated":true}]}}