{"id":17029,"date":"2025-07-11T13:27:16","date_gmt":"2025-07-11T11:27:16","guid":{"rendered":"https:\/\/serbenidorm.daliisolutions.com\/index.php\/2025\/07\/11\/lalfas-del-pi-aprueba-unas-cuentas-de-28-millones-para-2025\/"},"modified":"2025-07-11T13:27:16","modified_gmt":"2025-07-11T11:27:16","slug":"lalfas-del-pi-aprueba-unas-cuentas-de-28-millones-para-2025","status":"publish","type":"post","link":"https:\/\/serbenidorm.daliisolutions.com\/index.php\/2025\/07\/11\/lalfas-del-pi-aprueba-unas-cuentas-de-28-millones-para-2025\/","title":{"rendered":"L\u2019Alf\u00e0s del Pi aprueba unas cuentas de 28 millones para 2025"},"content":{"rendered":" <p><\/p>  <p>El Ayuntamiento de l\u2019Alf\u00e0s del Pi ha aprobado esta ma\u00f1ana, en sesi\u00f3n extraordinaria, el presupuesto municipal para el ejercicio 2025, que asciende a 28.021.601 euros. Las cuentas, presentadas por el equipo de gobierno del PSOE, han salido adelante con los votos en contra de PP y VOX, y seg\u00fan destac\u00f3 el portavoz del ejecutivo, Toni Such, han sido elaboradas \u201csin d\u00e9ficit inicial y sin necesidad de acudir a nuevos endeudamientos, tal y como establece la ley\u201d.<\/p>  <p>El documento econ\u00f3mico para el pr\u00f3ximo ejercicio contempla un notable incremento del 23,7% en el cap\u00edtulo de inversiones, consolidando as\u00ed una tendencia creciente en la transformaci\u00f3n del municipio. En este sentido, el consistorio ha solicitado tambi\u00e9n 14 millones de euros de los nuevos fondos europeos a trav\u00e9s del Plan EDIL (Estrategia de Desarrollo Integral Local 2025-2029), de los que tendr\u00eda que cofinanciar el 40% en caso de ser concedidos.<\/p>  <p>\u201cSeguimos promoviendo actuaciones que repercutan directamente en el bienestar general de la comunidad\u201d, subray\u00f3 Such, quien puso el foco en partidas clave como los 2,1 millones de euros destinados a Bienestar Social y los 2,4 millones a Seguridad Ciudadana. Adem\u00e1s, se invertir\u00e1n m\u00e1s de 1,39 millones de euros en la promoci\u00f3n de la cultura, la educaci\u00f3n y el fomento del empleo a trav\u00e9s de planes de formaci\u00f3n y programas mixtos de empleo, financiados \u00edntegramente mediante subvenciones.<\/p>  <p>En materia de sostenibilidad, el presupuesto de 2025 contin\u00faa desarrollando los Fondos Europeos vinculados a los Planes de Sostenibilidad Tur\u00edstica en Destinos correspondientes a los ejercicios 2022 y 2023, con una inversi\u00f3n total superior a los 4 millones de euros. Estos planes, financiados al 100% por la Uni\u00f3n Europea a trav\u00e9s del programa Next GenerationEU, est\u00e1n orientados a incorporar de forma efectiva criterios de sostenibilidad y digitalizaci\u00f3n en todo el t\u00e9rmino municipal.<\/p>  <p>Toni Such destac\u00f3 que estos fondos \u201cavalan nuestra gesti\u00f3n y nos van a permitir seguir adelante con la consolidaci\u00f3n de l\u2019Alf\u00e0s como destino tur\u00edstico saludable, referente a nivel internacional\u201d. Todo ello se enmarca en el Plan de recuperaci\u00f3n, transformaci\u00f3n y resiliencia impulsado por el Gobierno de Espa\u00f1a.<\/p>  <p>El presupuesto ha sido desarrollado respetando los l\u00edmites y compromisos del Plan de Ajuste y el de Estabilidad y Sostenibilidad Financiera. \u201cEs un presupuesto para hacer frente a las necesidades presentes sin perder de vista los retos del futuro\u201d, concluy\u00f3 el edil.<\/p>  <p>Adem\u00e1s, en la misma sesi\u00f3n plenaria se aprob\u00f3 la plantilla org\u00e1nica de personal municipal, que en 2025 contar\u00e1 con un total de 291 plazas.<\/p>  <p>En otro punto del orden del d\u00eda, el pleno municipal dio luz verde a la clasificaci\u00f3n de las empresas aspirantes al contrato del servicio de limpieza de dependencias municipales y centros docentes, cuyo presupuesto de licitaci\u00f3n asciende a 1.074.380,17 euros. Esta clasificaci\u00f3n deber\u00e1 regresar a\u00fan a mesa de contrataci\u00f3n antes de su aprobaci\u00f3n definitiva, en el marco de un procedimiento que lleva meses en marcha.<\/p>  <p><\/p>  <p><\/p>  <p><\/p> ","protected":false},"excerpt":{"rendered":"<p>El presupuesto municipal crece en gasto social, refuerza servicios clave y apuesta por fondos europeos sin generar nueva deuda<\/p>\n","protected":false},"author":0,"featured_media":17030,"comment_status":"open","ping_status":"open","sticky":false,"template":"","format":"standard","meta":{"_acf_changed":false,"footnotes":""},"categories":[1],"tags":[],"class_list":["post-17029","post","type-post","status-publish","format-standard","has-post-thumbnail","hentry","category-sin-categoria"],"acf":{"ser_id":"UVFSAELUEVER3OTLPGCTINWFRE","ser_url":"https:\/\/cadenaser.com\/comunitat-valenciana\/2025\/07\/11\/lalfas-del-pi-aprueba-unas-cuentas-de-28-millones-para-2025-radio-benidorm\/"},"_links":{"self":[{"href":"https:\/\/serbenidorm.daliisolutions.com\/index.php\/wp-json\/wp\/v2\/posts\/17029","targetHints":{"allow":["GET"]}}],"collection":[{"href":"https:\/\/serbenidorm.daliisolutions.com\/index.php\/wp-json\/wp\/v2\/posts"}],"about":[{"href":"https:\/\/serbenidorm.daliisolutions.com\/index.php\/wp-json\/wp\/v2\/types\/post"}],"replies":[{"embeddable":true,"href":"https:\/\/serbenidorm.daliisolutions.com\/index.php\/wp-json\/wp\/v2\/comments?post=17029"}],"version-history":[{"count":0,"href":"https:\/\/serbenidorm.daliisolutions.com\/index.php\/wp-json\/wp\/v2\/posts\/17029\/revisions"}],"wp:featuredmedia":[{"embeddable":true,"href":"https:\/\/serbenidorm.daliisolutions.com\/index.php\/wp-json\/wp\/v2\/media\/17030"}],"wp:attachment":[{"href":"https:\/\/serbenidorm.daliisolutions.com\/index.php\/wp-json\/wp\/v2\/media?parent=17029"}],"wp:term":[{"taxonomy":"category","embeddable":true,"href":"https:\/\/serbenidorm.daliisolutions.com\/index.php\/wp-json\/wp\/v2\/categories?post=17029"},{"taxonomy":"post_tag","embeddable":true,"href":"https:\/\/serbenidorm.daliisolutions.com\/index.php\/wp-json\/wp\/v2\/tags?post=17029"}],"curies":[{"name":"wp","href":"https:\/\/api.w.org\/{rel}","templated":true}]}}