{"id":17031,"date":"2025-07-11T13:27:17","date_gmt":"2025-07-11T11:27:17","guid":{"rendered":"https:\/\/serbenidorm.daliisolutions.com\/index.php\/2025\/07\/11\/carlos-fernandez-un-experto-en-ascensos-para-el-balonmano-servigroup-benidorm\/"},"modified":"2025-07-11T13:27:17","modified_gmt":"2025-07-11T11:27:17","slug":"carlos-fernandez-un-experto-en-ascensos-para-el-balonmano-servigroup-benidorm","status":"publish","type":"post","link":"https:\/\/serbenidorm.daliisolutions.com\/index.php\/2025\/07\/11\/carlos-fernandez-un-experto-en-ascensos-para-el-balonmano-servigroup-benidorm\/","title":{"rendered":"Carlos Fern\u00e1ndez, un \u2018experto\u2019 en ascensos para el Balonmano Servigroup Benidorm"},"content":{"rendered":" <p>El \u00fanico objetivo del Balonmano Servigroup Benidorm la pr\u00f3xima temporada ser\u00e1 conseguir el ascenso a la liga Asobal y para ello el club sigue formando un bloque en el que permanecer\u00e1 buena parte de la plantilla que se hizo habitual en el Palau d\u2019Esports el pasado curso con refuerzos de gran calidad y experiencia.<\/p>  <p>Ese es el caso de Carlos Fern\u00e1ndez, quinto fichaje de la entidad para su aventura en la Divisi\u00f3n de Honor Plata y que no s\u00f3lo conoce muy bien la liga Asobal, en la que complet\u00f3 tres temporadas con el Cuenca; sino tambi\u00e9n la categor\u00eda de plata, en la que en el reci\u00e9n terminado a\u00f1o logr\u00f3 el ascenso directo en las filas del E\u00f3n Alicante.<\/p>  <p>Fern\u00e1ndez desembarca, por lo tanto, en el Balonmano Servigroup Benidorm para aportar todo su saber hacer en el extremo izquierdo.<\/p>  <p>Nada m\u00e1s firmar el acuerdo que le unir\u00e1 al Club Balonmano Benidorm, el de Ciudad Real ha explicado que \u201cmi llegada al Balonmano Servigroup Benidorm se facilita, sobre todo, porque tengo gente muy cercana que siempre me ha hablado muy bien tanto del club como del equipo y de todo lo que rodea la ciudad\u201d. <\/p>  <p>As\u00ed mismo, el nuevo extremo izquierdo del Palau d\u2019Esports ha valorado muy positivamente que \u201ctanto la gente que conozco que ya est\u00e1 all\u00ed como otros que se van a unir este a\u00f1o, s\u00e9 que es gente que busca proyectos ambiciosos. Es un club reci\u00e9n descendido, pero todos vamos con una misma idea: devolver al club al sitio en el que merece estar\u201d.<\/p>  <p>En cuanto a sus objetivos a nivel individual en la pr\u00f3xima temporada, Carlos Fern\u00e1ndez se poner como principal meta \u201cayudar a hacer un buen grupo para conseguir los objetivos deportivos y, sobre todo, me considero trabajador y ambicioso y cuando hay una meta me gusta llegar a ella. Eso es algo que me gustar\u00eda saber contagiar a mis compa\u00f1eros.\u201d<\/p>  <p>El que ser\u00e1 su entrenador en el Balonmano Servigroup Benidorm, Marko Krivocapic, ha valorado de Fern\u00e1ndez que \u201ces un jugador diferente, con mucha altura y que nos puede ayudar mucho en defensa facilit\u00e1ndonos el poder plantear un juego con mayor variedad teniendo siempre un central en el campo. Adem\u00e1s, tiene experiencia en Asobal y es un gran finalizador\u201d.<\/p> ","protected":false},"excerpt":{"rendered":"<p>Tras pasar por la liga Asobal con el Cuenca, el pasado curso logr\u00f3 el ascenso con el E\u00f3n Alicante<\/p>\n","protected":false},"author":0,"featured_media":17032,"comment_status":"open","ping_status":"open","sticky":false,"template":"","format":"standard","meta":{"_acf_changed":false,"footnotes":""},"categories":[16],"tags":[],"class_list":["post-17031","post","type-post","status-publish","format-standard","has-post-thumbnail","hentry","category-deportes"],"acf":{"ser_id":"PFGWMNPKPBHKVJLPFI6WYGTD5Q","ser_url":"https:\/\/cadenaser.com\/comunitat-valenciana\/2025\/07\/11\/carlos-fernandez-un-experto-en-ascensos-para-el-balonmano-servigroup-benidorm-radio-benidorm\/"},"_links":{"self":[{"href":"https:\/\/serbenidorm.daliisolutions.com\/index.php\/wp-json\/wp\/v2\/posts\/17031","targetHints":{"allow":["GET"]}}],"collection":[{"href":"https:\/\/serbenidorm.daliisolutions.com\/index.php\/wp-json\/wp\/v2\/posts"}],"about":[{"href":"https:\/\/serbenidorm.daliisolutions.com\/index.php\/wp-json\/wp\/v2\/types\/post"}],"replies":[{"embeddable":true,"href":"https:\/\/serbenidorm.daliisolutions.com\/index.php\/wp-json\/wp\/v2\/comments?post=17031"}],"version-history":[{"count":0,"href":"https:\/\/serbenidorm.daliisolutions.com\/index.php\/wp-json\/wp\/v2\/posts\/17031\/revisions"}],"wp:featuredmedia":[{"embeddable":true,"href":"https:\/\/serbenidorm.daliisolutions.com\/index.php\/wp-json\/wp\/v2\/media\/17032"}],"wp:attachment":[{"href":"https:\/\/serbenidorm.daliisolutions.com\/index.php\/wp-json\/wp\/v2\/media?parent=17031"}],"wp:term":[{"taxonomy":"category","embeddable":true,"href":"https:\/\/serbenidorm.daliisolutions.com\/index.php\/wp-json\/wp\/v2\/categories?post=17031"},{"taxonomy":"post_tag","embeddable":true,"href":"https:\/\/serbenidorm.daliisolutions.com\/index.php\/wp-json\/wp\/v2\/tags?post=17031"}],"curies":[{"name":"wp","href":"https:\/\/api.w.org\/{rel}","templated":true}]}}