{"id":1704,"date":"2024-01-25T07:07:59","date_gmt":"2024-01-25T06:07:59","guid":{"rendered":"https:\/\/serbenidorm.daliisolutions.com\/index.php\/2024\/01\/25\/finestrat-promociona-en-fitur-la-transformacion-de-la-penya-y-sus-casas-colgantes\/"},"modified":"2024-01-25T07:07:59","modified_gmt":"2024-01-25T06:07:59","slug":"finestrat-promociona-en-fitur-la-transformacion-de-la-penya-y-sus-casas-colgantes","status":"publish","type":"post","link":"https:\/\/serbenidorm.daliisolutions.com\/index.php\/2024\/01\/25\/finestrat-promociona-en-fitur-la-transformacion-de-la-penya-y-sus-casas-colgantes\/","title":{"rendered":"Finestrat promociona en Fitur la transformaci\u00f3n de La Penya y sus casas colgantes"},"content":{"rendered":"  <p>Finestrat<\/p>   <p>Finestrat est\u00e1 presentando en Fitur 2024 \u00abla transformaci\u00f3n m\u00e1s importante de las \u00faltimas d\u00e9cadas\u00bb, seg\u00fan ha destacado su alcalde Juanfran P\u00e9rez en los micr\u00f3fonos de Radio Benidorm.<\/p>   <p>En el casco hist\u00f3rico ya han empezado la renovaci\u00f3n del talud de La Penya:<a href=\"https:\/\/cadenaser.com\/tag\/finestrat\/a\/\" target=\"_blank\" rel=\"noopener\"> \u201cEs una de las im\u00e1genes m\u00e1s ic\u00f3nicas de la Comunitat Valenciana: las casas colgantes sobre La Penya de Finestrat. Estamos trabajando en mejorar y embellecer este macizo. Esta actuaci\u00f3n se complementar\u00e1 con una imagen nunca vista de La Penya tanto de d\u00eda como de noche, gracias a la iluminaci\u00f3n inteligente LED\u201d<\/a>, ha afirmado el primer edil.<\/p>   <p>Son proyectos financiados con tres millones de euros por la Uni\u00f3n Europea-Next Generation EU con el Plan de Sostenibilidad Tur\u00edstica en Destinos en su convocatoria extraordinaria 2021, dentro del Plan de Recuperaci\u00f3n, Transformaci\u00f3n y Resiliencia: \u201cEs el a\u00f1o de la sostenibilidad. Es el a\u00f1o de la accesibilidad. Es el a\u00f1o de la innovaci\u00f3n. Y Finestrat es todo un ejemplo\u201d, ha resumido P\u00e9rez Llorca.<\/p>   <p>Uno de los grandes proyectos en este sentido es el elevador desde la Pla\u00e7a de la Uni\u00f3 Europea al Castell donde se ubica la Ermita: \u201cLo que queremos es que todos nuestros visitantes puedan acceder y pasear por uno de los entornos m\u00e1s bellos de Finestrat. Esto solo es posible permitiendo la accesibilidad total a cada uno de nuestros turistas y vecinos\u201d.<\/p>  <p><p>M\u00e1s informaci\u00f3n<\/p><figure><img decoding=\"async\" src=\"https:\/\/cadenaser.com\/resizer\/IALlCSgubSkUTO_ySz79M2A_cWE=\/650x366\/filters:quality(70)\/cloudfront-eu-central-1.images.arcpublishing.com\/prisaradio\/4F5PW24WFZB6ZNOSQ5LRZQCYDA.jpg\" loading=\"lazy\" width=\"828\" height=\"621\" \/><\/figure><ul><li><a href=\"https:\/\/cadenaser.com\/comunitat-valenciana\/2024\/01\/24\/la-vila-gastronomica-en-fitur-2024-radio-benidorm\/\">La Vila Gastron\u00f3mica en Fitur 2024<\/a><\/li><\/ul><\/p>   <p>La apuesta por un Finestrat verde se complementa con dos v\u00edas verdes: una unir\u00e1 La Cala y el Bulevar; otra es el anillo verde peatonal que rodear\u00e1 La Penya del casco hist\u00f3rico.<\/p>   <p>\u201cHa crecido el inter\u00e9s por abrir alojamientos en el casco hist\u00f3rico. Estoy convencido que la inversi\u00f3n p\u00fablica y la iniciativa privada har\u00e1n de Finestrat un referente tur\u00edstico tambi\u00e9n en su entorno del casco hist\u00f3rico\u201d, se\u00f1al\u00f3 la primera autoridad local.<\/p>   <p>Proyectos que se dar\u00e1n a conocer en FITUR 2024, escaparate de la oferta tur\u00edstica a nivel mundial donde Finestrat vuelve a estar presente al abrigo del Patronato de Turismo Costa Blanca.<\/p>   <p>\u00abEn Finestrat lo tienes todo\u00bb<\/p>   <p>Todas estas actuaciones se suman a puntales de gran atractivo tur\u00edstico como la ruta \u201cDescubre Finestrat\u201d para recorrer el casco hist\u00f3rico siguiendo los paneles con informaci\u00f3n y adivinanzas l\u00fadicas y did\u00e1cticas; su exquisita gastronom\u00eda de mar y monta\u00f1a; el turismo de \u201cshopping\u201d con con uno de los mayores bulevares de la Comunitat Valenciana y tambi\u00e9n centro de ocio con ejemplos como el Museo del Motor; el turismo deportivo con instalaciones para practicar golf, ciclismo BTT, adem\u00e1s de las rutas de senderismo, escalada y carreras de monta\u00f1a consagradas a nivel internacional como la Finestrat Costa Blanca Trails. Y, por supuesto, los grandes eventos del calendario anual que atraen miles de visitantes como el \u201cMercat Gastron\u00f2mic i Tradicional\u201d en abril o el Mercado de Navidad.<\/p>   <p>Finestrat ha registrado m\u00e1ximos de ocupaci\u00f3n hotelera en estos \u00faltimos a\u00f1os y es uno de los destinos m\u00e1s elegidos por los usuarios del Bono Viatge CV: \u201cTenemos un destino que invita a perderse por sus rincones, desde el casco hist\u00f3rico hasta La Cala y el entorno paisaj\u00edstico del Puig Campana.  Somos todo un ejemplo de que se puede crecer, cuidar el medio ambiente y mantener nuestra identidad como pueblo\u201d, concluy\u00f3 el alcalde.<\/p> ","protected":false},"excerpt":{"rendered":"<p>El alcalde Juanfran P\u00e9rez destaca en Madrid que \u00aben Finestrat lo tienes todo\u00bb<\/p>\n","protected":false},"author":0,"featured_media":1705,"comment_status":"open","ping_status":"open","sticky":false,"template":"","format":"standard","meta":{"_acf_changed":false,"footnotes":""},"categories":[1],"tags":[],"class_list":["post-1704","post","type-post","status-publish","format-standard","has-post-thumbnail","hentry","category-sin-categoria"],"acf":{"ser_id":"WQ5UAWBMGVFIDMXNPXJQRBHNGY","ser_url":"https:\/\/cadenaser.com\/comunitat-valenciana\/2024\/01\/24\/finestrat-promociona-en-fitur-la-transformacion-de-la-penya-y-sus-casas-colgantes-radio-benidorm\/"},"_links":{"self":[{"href":"https:\/\/serbenidorm.daliisolutions.com\/index.php\/wp-json\/wp\/v2\/posts\/1704","targetHints":{"allow":["GET"]}}],"collection":[{"href":"https:\/\/serbenidorm.daliisolutions.com\/index.php\/wp-json\/wp\/v2\/posts"}],"about":[{"href":"https:\/\/serbenidorm.daliisolutions.com\/index.php\/wp-json\/wp\/v2\/types\/post"}],"replies":[{"embeddable":true,"href":"https:\/\/serbenidorm.daliisolutions.com\/index.php\/wp-json\/wp\/v2\/comments?post=1704"}],"version-history":[{"count":0,"href":"https:\/\/serbenidorm.daliisolutions.com\/index.php\/wp-json\/wp\/v2\/posts\/1704\/revisions"}],"wp:featuredmedia":[{"embeddable":true,"href":"https:\/\/serbenidorm.daliisolutions.com\/index.php\/wp-json\/wp\/v2\/media\/1705"}],"wp:attachment":[{"href":"https:\/\/serbenidorm.daliisolutions.com\/index.php\/wp-json\/wp\/v2\/media?parent=1704"}],"wp:term":[{"taxonomy":"category","embeddable":true,"href":"https:\/\/serbenidorm.daliisolutions.com\/index.php\/wp-json\/wp\/v2\/categories?post=1704"},{"taxonomy":"post_tag","embeddable":true,"href":"https:\/\/serbenidorm.daliisolutions.com\/index.php\/wp-json\/wp\/v2\/tags?post=1704"}],"curies":[{"name":"wp","href":"https:\/\/api.w.org\/{rel}","templated":true}]}}